{"id":8928,"date":"2019-04-10T08:30:26","date_gmt":"2019-04-10T06:30:26","guid":{"rendered":"http:\/\/localhost:8888\/sites\/mawazine\/?p=8928"},"modified":"2019-04-09T23:38:00","modified_gmt":"2019-04-09T21:38:00","slug":"mawazine-celebre-la-fete-de-la-musique-pour-son-week-end-douverture-avec-rosalia-j-balvin-lartiste-et-david-guetta","status":"publish","type":"post","link":"https:\/\/mawazine.ma\/fr\/mawazine-celebre-la-fete-de-la-musique-pour-son-week-end-douverture-avec-rosalia-j-balvin-lartiste-et-david-guetta\/","title":{"rendered":"Mawazine c\u00e9l\u00e8bre la f\u00eate de la musique pour  son week-end d\u2019ouverture  Avec Rosal\u00eda, J Balvin, Lartiste et David Guetta !"},"content":{"rendered":"<p><\/p>\n<p><b>Rabat, le mercredi 10 avril 2019<\/b>\u00a0: Plac\u00e9 sous le Haut Patronage de Sa Majest\u00e9 le Roi Mohammed VI, le Festival Mawazine Rythmes du Monde aura lieu du 21 au 29 juin 2019\u00a0! <br \/>\nClass\u00e9 au deuxi\u00e8me rang des plus grandes manifestations musicales de la plan\u00e8te, cet \u00e9v\u00e8nement reste fid\u00e8le aux pr\u00e9c\u00e9dentes \u00e9ditions, en proposant une programmation toujours plus \u00e9clectique, transg\u00e9n\u00e9rationnelle et gratuite \u00e0 90% de ses festivaliers. <br \/>\nComme chaque ann\u00e9e, le week-end d\u2019ouverture donnera le <i>la<\/i> \u00e0 un agenda musical spectaculaire qui ravira, comme \u00e0 son habitude, une diversit\u00e9 de publics en leur proposant des shows et collaborations d\u2019exception.<\/p>\n<p>L\u2019Association Maroc-Cultures est heureuse d\u2019annoncer la venue exceptionnelle du ph\u00e9nom\u00e8ne de la musique espagnole <b><i>Rosal<\/i><\/b><b><i>\u00ed<\/i><\/b><b><i>a,<\/i><\/b> et de la star incontest\u00e9e du reggaeton <b><i>J Balvin<\/i><\/b> \u00e0 l\u2019occasion de la f\u00eate de la musique et de l\u2019ouverture de la sc\u00e8ne OLM Souissi, le vendredi 21 juin. <b>\u00a0<\/b>Le samedi 22 juin verra la pr\u00e9sence du rappeur au flow unique <b><i>Lartiste <\/i><\/b>ainsi que du DJ le plus prolifique de notre si\u00e8cle <b><i>David Guetta\u00a0!<\/i><\/b> <\/p>\n<p>Issue du flamenco, <b><i>Rosal<\/i><\/b><b><i>\u00ed<\/i><\/b><b><i>a<\/i><\/b> est consid\u00e9r\u00e9e comme l\u2019ic\u00f4ne espagnole du m\u00e9lange des genres. A seulement 25 ans et apr\u00e8s une premi\u00e8re collaboration avec la grande figure du trap C. Tangana, la jeune chanteuse reste attach\u00e9e \u00e0 ses racines <i>flamenco<\/i> tout en y ajoutant des sonorit\u00e9s plus urbaines. Ses titres \u00ab\u00a0Malamente\u00a0\u00bb et \u00ab\u00a0Pienso en tu mira\u00a0\u00bb incarnent en effet cette volont\u00e9 de d\u00e9passer les fronti\u00e8res stylistiques et g\u00e9ographiques de l\u2019Espagne, tout en gardant une empreinte profond\u00e9ment latine. Apr\u00e8s 5 nominations au Grammy Latinos, elle assurera la 1\u00e8re partie sur la sc\u00e8ne de l\u2019OLM Souissi le <b>vendredi 21 juin 2019<\/b>\u00a0!<\/p>\n<p>Chanteur colombien et prodige de la musique latine et du m\u00e9lange des styles, <b><i>J Balvin<\/i><\/b> a commenc\u00e9 sa carri\u00e8re en Colombie. Apr\u00e8s de nombreuses collaborations avec des stars internationales, cet artiste ne cesse de diversifier les styles tout en conservant une musicalit\u00e9 fortement empreinte des rythmes du reggaeton et de la musique latine. <br \/>\nApr\u00e8s avoir conquis l\u2019Europe et l\u2019Am\u00e9rique, <b><i>J Balvin<\/i><\/b> s\u2019attaque d\u00e9sormais au continent africain, et se produira ainsi sur la sc\u00e8ne de l\u2019OLM Souissi <b>le vendredi 21 juin 2019<\/b>, en seconde partie du concert d\u2019ouverture\u00a0!<\/p>\n<p><b><i>Lartiste<\/i><\/b> est un auteur-compositeur-interpr\u00e8te n\u00e9 au Maroc. Son style pluriel se situe entre le rap, le RnB, le ra\u00ef et le dancehall, ce qui lui permet de proposer une musique toujours plus originale et novatrice. Apr\u00e8s 3 albums et de nombreux featurings souvent class\u00e9s \u00ab\u00a0meilleurs hits de l\u2019\u00e9t\u00e9\u00a0\u00bb, <b><i>Lartiste<\/i><\/b> se produira en premi\u00e8re partie de soir\u00e9e le <b>samedi 22 juin 2019<\/b> sur la sc\u00e8ne de l\u2019OLM Souissi.<\/p>\n<p>Apr\u00e8s 7 albums et plus de 15 ans de carri\u00e8re, <b><i>David Guetta<\/i><\/b> sera sur la sc\u00e8ne de l\u2019OLM Souissi en seconde partie de soir\u00e9e<b>.<\/b> Superstar de la musique \u00e9lectronique et premier producteur de house de France, le DJ pr\u00e9f\u00e9r\u00e9 de la Jet Set a collabor\u00e9 avec les plus grandes figures de la musique actuelle telles que\u00a0: Joaquim Garraud, Kelly Rolland, et plus r\u00e9cemment Nicki Minaj. Apr\u00e8s avoir rafl\u00e9 un nombre incalculable de prix aux NRJ Music Awards et r\u00e9alis\u00e9 l\u2019hymne officiel de l\u2019Euro 2016 de Football avec Zara Larsson, son 7\u00e8me album rassemble de nouveaux featurings toujours aussi rythm\u00e9s, notamment avec Sia, Justin Bieber, J Balvin ou encore Bebe Rexha.<\/p>\n<p>Flows uniques et rythmes \u00e9clectiques seront donc au rendez-vous les <b>21 et 22 juin 2019<\/b>, pour c\u00e9l\u00e9brer la f\u00eate de la musique et offrir un week-end tr\u00e8s rythm\u00e9 pour la 18\u00e8me \u00e9dition du Festival Mawazine \u2013 Rythmes du Monde\u00a0!<\/p>\n<p><\/p>","protected":false},"excerpt":{"rendered":"<p>Rabat, le mercredi 10 avril 2019\u00a0: Plac\u00e9 sous le Haut Patronage de Sa Majest\u00e9 le Roi Mohammed VI, le Festival Mawazine Rythmes du Monde aura lieu du 21 au 29 juin 2019\u00a0! Class\u00e9 au deuxi\u00e8me rang des plus grandes manifestations musicales de la plan\u00e8te, cet \u00e9v\u00e8nement reste fid\u00e8le aux pr\u00e9c\u00e9dentes \u00e9ditions, en proposant une programmation [&hellip;]<\/p>\n","protected":false},"author":1,"featured_media":8933,"comment_status":"open","ping_status":"open","sticky":false,"template":"","format":"standard","meta":{"_acf_changed":false,"footnotes":""},"categories":[1],"tags":[],"class_list":["post-8928","post","type-post","status-publish","format-standard","has-post-thumbnail","hentry","category-actualites"],"acf":[],"_links":{"self":[{"href":"https:\/\/mawazine.ma\/fr\/wp-json\/wp\/v2\/posts\/8928","targetHints":{"allow":["GET"]}}],"collection":[{"href":"https:\/\/mawazine.ma\/fr\/wp-json\/wp\/v2\/posts"}],"about":[{"href":"https:\/\/mawazine.ma\/fr\/wp-json\/wp\/v2\/types\/post"}],"author":[{"embeddable":true,"href":"https:\/\/mawazine.ma\/fr\/wp-json\/wp\/v2\/users\/1"}],"replies":[{"embeddable":true,"href":"https:\/\/mawazine.ma\/fr\/wp-json\/wp\/v2\/comments?post=8928"}],"version-history":[{"count":1,"href":"https:\/\/mawazine.ma\/fr\/wp-json\/wp\/v2\/posts\/8928\/revisions"}],"predecessor-version":[{"id":8932,"href":"https:\/\/mawazine.ma\/fr\/wp-json\/wp\/v2\/posts\/8928\/revisions\/8932"}],"wp:featuredmedia":[{"embeddable":true,"href":"https:\/\/mawazine.ma\/fr\/wp-json\/wp\/v2\/media\/8933"}],"wp:attachment":[{"href":"https:\/\/mawazine.ma\/fr\/wp-json\/wp\/v2\/media?parent=8928"}],"wp:term":[{"taxonomy":"category","embeddable":true,"href":"https:\/\/mawazine.ma\/fr\/wp-json\/wp\/v2\/categories?post=8928"},{"taxonomy":"post_tag","embeddable":true,"href":"https:\/\/mawazine.ma\/fr\/wp-json\/wp\/v2\/tags?post=8928"}],"curies":[{"name":"wp","href":"https:\/\/api.w.org\/{rel}","templated":true}]}}