{"id":8449,"date":"2018-11-29T13:11:38","date_gmt":"2018-11-29T12:11:38","guid":{"rendered":"http:\/\/localhost:8888\/sites\/mawazine\/?p=8449"},"modified":"2019-03-21T12:53:02","modified_gmt":"2019-03-21T11:53:02","slug":"mawazine-confirme-les-dates-de-sa-programmation-2019","status":"publish","type":"post","link":"https:\/\/mawazine.ma\/fr\/mawazine-confirme-les-dates-de-sa-programmation-2019\/","title":{"rendered":"Mawazine confirme les dates de sa programmation 2019 !"},"content":{"rendered":"<p><\/p>\n<p><strong>Rabat, le 27 Novembre 2018 :<\/strong> L\u2019Association Maroc Cultures annonce ce jour les dates de la 18e \u00e9dition du Festival Mawazine-Rythmes du Monde \u00e0 la m\u00eame p\u00e9riode que la pr\u00e9c\u00e9dente \u00e9dition. Le rendez-vous est donc donn\u00e9 au public du 21 au 29 Juin 2019 !<\/p>\n<p>Plac\u00e9 sous le Haut Patronage de Sa Majest\u00e9 Le Roi Mohammed VI, le Festival Mawazine-Rythmes du Monde reste fid\u00e8le \u00e0 sa mission premi\u00e8re : d\u00e9mocratiser l\u2019acc\u00e8s aux cultures du monde entier pour tous les Marocains !<\/p>\n<p>Pour son retour l\u2019an prochain, le deuxi\u00e8me plus grand \u00e9v\u00e9nement culturel de la plan\u00e8te promet une programmation de qualit\u00e9 et pleine de surprises \u00e0 tous les amoureux de la musique et de la culture.<\/p>\n<p>\u00c0 l\u2019affiche : les plus grandes stars du r\u00e9pertoire mondial et arabe, les grands noms et les jeunes talents de la sc\u00e8ne marocaine, sans oublier des spectacles de rue et une s\u00e9lection des figures incontournables des plus beaux patrimoines musicaux des cinq continents.<\/p>\n<p>Cette 18\u00e8mee \u00e9dition s\u2019annoncera comme \u00e0 chaque fois un temps fort culturel pour le public avec, encore et toujours, un acc\u00e8s gratuit pour 90 % des festivaliers et des prestations qui porteront haut les valeurs de paix, d\u2019ouverture, de tol\u00e9rance et de respect.<\/p>\n<p>Pour rappel, la 17\u00e8mee \u00e9dition a r\u00e9uni 2,5 millions de spectateurs durant neuf jours de c\u00e9l\u00e9bration musicale sur les diff\u00e9rentes sc\u00e8nes de Rabat et Sal\u00e9.<\/p>\n<p><\/p>","protected":false},"excerpt":{"rendered":"<p>Rabat, le 27 Novembre 2018 : L\u2019Association Maroc Cultures annonce ce jour les dates de la 18e \u00e9dition du Festival Mawazine-Rythmes du Monde \u00e0 la m\u00eame p\u00e9riode que la pr\u00e9c\u00e9dente \u00e9dition. Le rendez-vous est donc donn\u00e9 au public du 21 au 29 Juin 2019 ! Plac\u00e9 sous le Haut Patronage de Sa Majest\u00e9 Le Roi [&hellip;]<\/p>\n","protected":false},"author":1,"featured_media":8450,"comment_status":"open","ping_status":"open","sticky":false,"template":"","format":"standard","meta":{"_acf_changed":false,"footnotes":""},"categories":[1],"tags":[],"class_list":["post-8449","post","type-post","status-publish","format-standard","has-post-thumbnail","hentry","category-actualites"],"acf":[],"_links":{"self":[{"href":"https:\/\/mawazine.ma\/fr\/wp-json\/wp\/v2\/posts\/8449","targetHints":{"allow":["GET"]}}],"collection":[{"href":"https:\/\/mawazine.ma\/fr\/wp-json\/wp\/v2\/posts"}],"about":[{"href":"https:\/\/mawazine.ma\/fr\/wp-json\/wp\/v2\/types\/post"}],"author":[{"embeddable":true,"href":"https:\/\/mawazine.ma\/fr\/wp-json\/wp\/v2\/users\/1"}],"replies":[{"embeddable":true,"href":"https:\/\/mawazine.ma\/fr\/wp-json\/wp\/v2\/comments?post=8449"}],"version-history":[{"count":3,"href":"https:\/\/mawazine.ma\/fr\/wp-json\/wp\/v2\/posts\/8449\/revisions"}],"predecessor-version":[{"id":8712,"href":"https:\/\/mawazine.ma\/fr\/wp-json\/wp\/v2\/posts\/8449\/revisions\/8712"}],"wp:featuredmedia":[{"embeddable":true,"href":"https:\/\/mawazine.ma\/fr\/wp-json\/wp\/v2\/media\/8450"}],"wp:attachment":[{"href":"https:\/\/mawazine.ma\/fr\/wp-json\/wp\/v2\/media?parent=8449"}],"wp:term":[{"taxonomy":"category","embeddable":true,"href":"https:\/\/mawazine.ma\/fr\/wp-json\/wp\/v2\/categories?post=8449"},{"taxonomy":"post_tag","embeddable":true,"href":"https:\/\/mawazine.ma\/fr\/wp-json\/wp\/v2\/tags?post=8449"}],"curies":[{"name":"wp","href":"https:\/\/api.w.org\/{rel}","templated":true}]}}