{"id":7587,"date":"2018-06-19T17:43:48","date_gmt":"2018-06-19T15:43:48","guid":{"rendered":"http:\/\/localhost:8888\/sites\/mawazine\/?p=7587"},"modified":"2018-07-12T18:28:13","modified_gmt":"2018-07-12T16:28:13","slug":"facebook-sassocie-a-maroc-cultures-a-loccasion-de-la-17eme-edition-du-festival-mawazine-rythmes-du-monde","status":"publish","type":"post","link":"https:\/\/mawazine.ma\/fr\/facebook-sassocie-a-maroc-cultures-a-loccasion-de-la-17eme-edition-du-festival-mawazine-rythmes-du-monde\/","title":{"rendered":"Facebook s\u2019associe \u00e0 Maroc Cultures A l\u2019occasion de la 17\u00e8me \u00e9dition du Festival Mawazine \u2013 Rythmes du Monde"},"content":{"rendered":"<p><\/p>\n<p><img loading=\"lazy\" decoding=\"async\" class=\"size-medium wp-image-7588 alignleft\" src=\"localhost:8888\/sites\/mawazine2019\/wp-content\/uploads\/2018\/06\/fb-mc-300x198.jpeg\" alt=\"\" width=\"300\" height=\"198\" srcset=\"https:\/\/mawazine.ma\/wp-content\/uploads\/2018\/06\/fb-mc-300x198.jpeg 300w, https:\/\/mawazine.ma\/wp-content\/uploads\/2018\/06\/fb-mc.jpeg 620w\" sizes=\"auto, (max-width: 300px) 100vw, 300px\" \/>Facebook a le plaisir d\u2019annoncer sa collaboration avec Maroc Cultures pour la 17\u00e8me \u00e9dition du Festival Mawazine, \u00e9v\u00e8nement culturel majeur et rendez-vous incontournable des amateurs et passionn\u00e9s de musique.<\/p>\n<p>En tant que 1er r\u00e9seau social au Maroc et dans le Monde, Facebook a souhait\u00e9 s\u2019associer \u00e0 Mawazine, 1er festival au Maroc et en Afrique, qui r\u00e9unit chaque ann\u00e9e \u00e0 Rabat et Sal\u00e9 les grands noms de la musique arabe, africaine et internationale ainsi que les meilleurs artistes de la sc\u00e8ne marocaine.<\/p>\n<p>La pr\u00e9sence de Facebook aux c\u00f4t\u00e9s du Festival Mawazine, conforte sa dimension culturelle, de partage, d\u2019accessibilit\u00e9, de tol\u00e9rance et d\u2019ouverture, qui sont des valeurs ch\u00e8res au r\u00e9seau social.<\/p>\n<p>Plac\u00e9 sous le Haut Patronage de Sa Majest\u00e9 le Roi Mohammed VI et organis\u00e9 par l\u2019association Maroc Cultures, cet \u00e9v\u00e8nement culturel de premier plan promeut les valeurs du Royaume et porte un message de tol\u00e9rance, d\u2019ouverture, de respect et de dialogue.<\/p>\n<p>Accompagner un tel \u00e9v\u00e8nement, s\u2019inscrit \u00e9galement dans la strat\u00e9gie de Facebook de rassembler les populations autour de moments de joie et de partage, afin qu\u2019elles puissent les relayer en direct ou \u00e0 travers les nombreuses fonctionnalit\u00e9s, avec leurs communaut\u00e9s sur Facebook.<\/p>\n<p>Facebook et Mawazine pr\u00f4nent l\u2019ouverture, le rapprochement et le partage et ont pour objectif commun de faciliter l\u2019acc\u00e8s des jeunes au divertissement et \u00e0 la culture<\/p>\n<p>Mawazine se d\u00e9roulera \u00e0 partir du 22 Juin et offrira un acc\u00e8s gratuit \u00e0 90% des spectacles et concerts. Il co\u00efncidera cette ann\u00e9e avec le lancement de Facebook Flex, version gratuite de Facebook qui permettra \u00e0 tous les marocains de rester connect\u00e9s gratuitement avec leurs proches.<\/p>\n<p>Rassemblant une communaut\u00e9 de plus 16 millions de fans au Maroc, Facebook est heureux d\u2019offrir chaque jour, une plateforme d\u2019\u00e9changes pour que chacun des millions de fans puisse partager, commenter, aimer et \u00e9changer avec sa communaut\u00e9.<\/p>\n<p><\/p>","protected":false},"excerpt":{"rendered":"<p>Facebook a le plaisir d\u2019annoncer sa collaboration avec Maroc Cultures pour la 17\u00e8me \u00e9dition du Festival Mawazine, \u00e9v\u00e8nement culturel majeur et rendez-vous incontournable des amateurs et passionn\u00e9s de musique. En tant que 1er r\u00e9seau social au Maroc et dans le Monde, Facebook a souhait\u00e9 s\u2019associer \u00e0 Mawazine, 1er festival au Maroc et en Afrique, qui [&hellip;]<\/p>\n","protected":false},"author":1,"featured_media":7588,"comment_status":"open","ping_status":"open","sticky":false,"template":"","format":"standard","meta":{"_acf_changed":false,"footnotes":""},"categories":[1],"tags":[],"class_list":["post-7587","post","type-post","status-publish","format-standard","has-post-thumbnail","hentry","category-actualites"],"acf":[],"_links":{"self":[{"href":"https:\/\/mawazine.ma\/fr\/wp-json\/wp\/v2\/posts\/7587","targetHints":{"allow":["GET"]}}],"collection":[{"href":"https:\/\/mawazine.ma\/fr\/wp-json\/wp\/v2\/posts"}],"about":[{"href":"https:\/\/mawazine.ma\/fr\/wp-json\/wp\/v2\/types\/post"}],"author":[{"embeddable":true,"href":"https:\/\/mawazine.ma\/fr\/wp-json\/wp\/v2\/users\/1"}],"replies":[{"embeddable":true,"href":"https:\/\/mawazine.ma\/fr\/wp-json\/wp\/v2\/comments?post=7587"}],"version-history":[{"count":1,"href":"https:\/\/mawazine.ma\/fr\/wp-json\/wp\/v2\/posts\/7587\/revisions"}],"predecessor-version":[{"id":7592,"href":"https:\/\/mawazine.ma\/fr\/wp-json\/wp\/v2\/posts\/7587\/revisions\/7592"}],"wp:featuredmedia":[{"embeddable":true,"href":"https:\/\/mawazine.ma\/fr\/wp-json\/wp\/v2\/media\/7588"}],"wp:attachment":[{"href":"https:\/\/mawazine.ma\/fr\/wp-json\/wp\/v2\/media?parent=7587"}],"wp:term":[{"taxonomy":"category","embeddable":true,"href":"https:\/\/mawazine.ma\/fr\/wp-json\/wp\/v2\/categories?post=7587"},{"taxonomy":"post_tag","embeddable":true,"href":"https:\/\/mawazine.ma\/fr\/wp-json\/wp\/v2\/tags?post=7587"}],"curies":[{"name":"wp","href":"https:\/\/api.w.org\/{rel}","templated":true}]}}