{"id":5662,"date":"2018-04-06T09:30:59","date_gmt":"2018-04-06T07:30:59","guid":{"rendered":"http:\/\/localhost:8888\/sites\/mawazine\/?p=5662"},"modified":"2018-04-06T02:35:48","modified_gmt":"2018-04-06T00:35:48","slug":"saber-rebai-et-ahlam-a-mawazine","status":"publish","type":"post","link":"https:\/\/mawazine.ma\/fr\/saber-rebai-et-ahlam-a-mawazine\/","title":{"rendered":"Saber Reba\u00ef et Ahlam \u00e0 Mawazine"},"content":{"rendered":"<p><\/p>\n<p><img loading=\"lazy\" decoding=\"async\" class=\"size-medium wp-image-5666 alignleft\" src=\"localhost:8888\/sites\/mawazine2019\/wp-content\/uploads\/2018\/04\/Ph-Saber-Ahlam-300x198.jpg\" alt=\"\" width=\"300\" height=\"198\" srcset=\"https:\/\/mawazine.ma\/wp-content\/uploads\/2018\/04\/Ph-Saber-Ahlam-300x198.jpg 300w, https:\/\/mawazine.ma\/wp-content\/uploads\/2018\/04\/Ph-Saber-Ahlam.jpg 620w\" sizes=\"auto, (max-width: 300px) 100vw, 300px\" \/><b>Rabat, 6 avril 2018 <\/b>: Le festival Mawazine Rythmes du Monde offre chaque ann\u00e9e au public des concerts exceptionnels avec les plus grands noms de la musique arabe et orientale. Pour la 17\u00e8me \u00e9dition, organis\u00e9e sous le Haut Patronage de Sa Majest\u00e9 le Roi Mohammed VI, la sc\u00e8ne Nahda accueillera deux prestigieux artistes\u00a0:<\/p>\n<ul>\n<li>L\u2019incontournable tunisien <b>Saber Reba\u00ef<\/b> sera pr\u00e9sent pour une soir\u00e9e tr\u00e8s attendue le mercredi 27 juin.<\/li>\n<li>La cl\u00f4ture de la sc\u00e8ne Nahda sera c\u00e9l\u00e9br\u00e9e avec la diva <b>Ahlam<\/b>, le samedi 30 juin. \u00a0<\/li>\n<\/ul>\n<p>Mercredi 27 juin, la Tunisie sera \u00e0 l\u2019honneur avec la grande star de la musique arabe\u00a0: l\u2019artiste et compositeur tunisien <b>Saber Rebai\u0308<\/b>. Ma\u00eetre incontestable en musicologie, Saber Rebai\u0308 a entam\u00e9 sa carri\u00e8re au Caire dans les ann\u00e9es 90. Avec plus de 13 albums \u00e0 ce jour, il a effectu\u00e9 de nombreuses tourn\u00e9es internationales et a re\u00e7u de nombreux prix et distinctions. Son concert \u00e0 la sc\u00e8ne Nahda sera sans doute un des concerts les plus attendus de la 17\u00e8me \u00e9dition de Mawazine.<\/p>\n<p>Pour la soir\u00e9e de cl\u00f4ture, la sc\u00e8ne Nahda sera en f\u00eate avec la chanteuse \u00e9miratie <b>Ahlam<\/b>. Surnom\u00e9e \u00ab\u00a0Diva du Khalij\u00a0\u00bb, Ahlam d\u00e9tient une carri\u00e8re artistique extraordinaire qui a d\u00e9marr\u00e9 dans les ann\u00e9es 80. Avec \u00e0 son actif un grand nombre d\u2019albums, la chanteuse a particip\u00e9 \u00e0 diff\u00e9rents festivals dans le monde et a collabor\u00e9 avec de nombreux artistes arabes. Voix incontestable et personnage hors normes, Ahlam ne manquera pas de surprendre le public de Mawazine pour un concert fort en \u00e9motions.<\/p>\n<p><\/p>","protected":false},"excerpt":{"rendered":"<p>Rabat, 6 avril 2018 : Le festival Mawazine Rythmes du Monde offre chaque ann\u00e9e au public des concerts exceptionnels avec les plus grands noms de la musique arabe et orientale. Pour la 17\u00e8me \u00e9dition, organis\u00e9e sous le Haut Patronage de Sa Majest\u00e9 le Roi Mohammed VI, la sc\u00e8ne Nahda accueillera deux prestigieux artistes\u00a0: L\u2019incontournable tunisien [&hellip;]<\/p>\n","protected":false},"author":1,"featured_media":5666,"comment_status":"open","ping_status":"open","sticky":false,"template":"","format":"standard","meta":{"_acf_changed":false,"footnotes":""},"categories":[1],"tags":[],"class_list":["post-5662","post","type-post","status-publish","format-standard","has-post-thumbnail","hentry","category-actualites"],"acf":[],"_links":{"self":[{"href":"https:\/\/mawazine.ma\/fr\/wp-json\/wp\/v2\/posts\/5662","targetHints":{"allow":["GET"]}}],"collection":[{"href":"https:\/\/mawazine.ma\/fr\/wp-json\/wp\/v2\/posts"}],"about":[{"href":"https:\/\/mawazine.ma\/fr\/wp-json\/wp\/v2\/types\/post"}],"author":[{"embeddable":true,"href":"https:\/\/mawazine.ma\/fr\/wp-json\/wp\/v2\/users\/1"}],"replies":[{"embeddable":true,"href":"https:\/\/mawazine.ma\/fr\/wp-json\/wp\/v2\/comments?post=5662"}],"version-history":[{"count":2,"href":"https:\/\/mawazine.ma\/fr\/wp-json\/wp\/v2\/posts\/5662\/revisions"}],"predecessor-version":[{"id":5668,"href":"https:\/\/mawazine.ma\/fr\/wp-json\/wp\/v2\/posts\/5662\/revisions\/5668"}],"wp:featuredmedia":[{"embeddable":true,"href":"https:\/\/mawazine.ma\/fr\/wp-json\/wp\/v2\/media\/5666"}],"wp:attachment":[{"href":"https:\/\/mawazine.ma\/fr\/wp-json\/wp\/v2\/media?parent=5662"}],"wp:term":[{"taxonomy":"category","embeddable":true,"href":"https:\/\/mawazine.ma\/fr\/wp-json\/wp\/v2\/categories?post=5662"},{"taxonomy":"post_tag","embeddable":true,"href":"https:\/\/mawazine.ma\/fr\/wp-json\/wp\/v2\/tags?post=5662"}],"curies":[{"name":"wp","href":"https:\/\/api.w.org\/{rel}","templated":true}]}}