{"id":5532,"date":"2018-04-03T10:41:17","date_gmt":"2018-04-03T08:41:17","guid":{"rendered":"http:\/\/localhost:8888\/sites\/mawazine\/?p=5532"},"modified":"2018-04-03T10:41:17","modified_gmt":"2018-04-03T08:41:17","slug":"melhem-zein-rouwaida-attieh-ameer-dandan-et-wael-jassar-a-mawazine","status":"publish","type":"post","link":"https:\/\/mawazine.ma\/fr\/melhem-zein-rouwaida-attieh-ameer-dandan-et-wael-jassar-a-mawazine\/","title":{"rendered":"Melhem Zein, Rouwaida Attieh, Ameer Dandan et Wael Jassar \u00e0 Mawazine"},"content":{"rendered":"<p><\/p>\n<h4><img loading=\"lazy\" decoding=\"async\" class=\"alignleft size-medium wp-image-5533\" src=\"localhost:8888\/sites\/mawazine2019\/wp-content\/uploads\/2018\/04\/Actu-Nahda-300x198.jpg\" alt=\"\" width=\"300\" height=\"198\" srcset=\"https:\/\/mawazine.ma\/wp-content\/uploads\/2018\/04\/Actu-Nahda-300x198.jpg 300w, https:\/\/mawazine.ma\/wp-content\/uploads\/2018\/04\/Actu-Nahda.jpg 620w\" sizes=\"auto, (max-width: 300px) 100vw, 300px\" \/>Les plus belles voix du Liban, de la Syrie et de la Palestine sur la sc\u00e8ne Nahda<\/h4>\n<p><b>Rabat, 3 avril 2018 <\/b>: Le festival Mawazine Rythmes du Monde, organis\u00e9 sous le Haut Patronage de Sa Majest\u00e9 le Roi Mohammed VI, pr\u00e9sente pour sa 17\u00e8me \u00e9dition quatre grands noms de la musique arabe\u00a0:<\/p>\n<ul>\n<li>Le libanais Melhem Zein animera la soir\u00e9e du dimanche 24 juin suivi le soir m\u00eame par la chanteuse syrienne Rouwaida Attieh.<\/li>\n<li>Le palestinien Ameer Dandan et l\u2019incontournable libanais Wael Jassar seront pr\u00e9sents pour une soir\u00e9e tr\u00e8s attendue le mardi 26 juin.<\/li>\n<\/ul>\n<p>Surnomm\u00e9 \u201cAl Rayes\u201d, <b>Melhem Zein<\/b> offrira au public de la sc\u00e8ne Nahda un concert rythm\u00e9 de sonorit\u00e9s traditionnelles libanaises. Consid\u00e9r\u00e9 comme une des voix du \u201ctarab\u201d les plus appr\u00e9ci\u00e9es, Melhem Zein a produit 5 albums \u00e0 ce jour dont le dernier \u00ab\u00a0E<i>l Jereh Ely Baadou\u00a0\u00bb, en juillet 2017<\/i>. L\u2019artiste y pr\u00e9sente une vari\u00e9t\u00e9 de chansons inspir\u00e9es du folklore, avec un remix pop et funk de la chanson populaire libanaise.<\/p>\n<p>La soir\u00e9e du dimanche 24 juin sera ensuite anim\u00e9e par l\u2019artiste syrienne <b>Rouwaida Attieh. <\/b>\u00a0Devenue c\u00e9l\u00e8bre en remportant la 2\u00e8me place de l\u2019\u00e9mission \u201cSuper Star\u201d (Version arabe-2003), Rouwaida Attieh fait partie de la nouvelle g\u00e9n\u00e9ration des grands artistes arabes. Elle se d\u00e9marque avec sa voix puissante et sa parfaite ma\u00eetrise du luth. Rouwaida collabore avec des compositeurs de renom tels que le libanais Imad Shamseddine, le chanteur Wadih El Safi ou le compositeur \u00e9gyptien Salah El Sharnoubi (qui a compos\u00e9 les derniers hits de Warda Al Jazairia). La chanteuse a 4 albums \u00e0 son actif et s\u2019est produite dans de nombreux pays arabes.<\/p>\n<p>Mardi 26 juin, C\u2019est la Palestine et le Liban qui seront \u00e0 l\u2019honneur avec les artistes <b>Ameer Dandan <\/b>et <b>Wael Jassar<\/b>. Issu d\u2019une famille d\u2019artistes, <b>Ameer Dandan<\/b> s\u2019est d\u00e9marqu\u00e9 lors de la 4eme \u00a0saison d\u2019Arab Idol. Ce jeune artiste de 27 ans a \u00e9tudi\u00e9 \u00e0 la Maison de la Musique en Palestine, o\u00f9 il a appris \u00e0 chanter et \u00e0 jouer au luth. Il vient de lancer deux nouveaux titres : \u201cSoukar kalamak \u201c et \u201c Ya batal\u201d.<\/p>\n<p>Montera ensuite sur sc\u00e8ne l\u2019artiste libanais <b>Wael Jassar<\/b>. Connu pour ses textes pertinents et son respect des traditions, Wael Jassar se distingue par un style unique et une voix exceptionnelle. L\u2019artiste a sorti deux albums de chants religieux et plus de 13 opus. L\u2019album \u201c Teweedi Leih \u201d est consid\u00e9r\u00e9 comme le disque le plus abouti de sa carri\u00e8re.<\/p>\n<p><\/p>","protected":false},"excerpt":{"rendered":"<p>Les plus belles voix du Liban, de la Syrie et de la Palestine sur la sc\u00e8ne Nahda Rabat, 3 avril 2018 : Le festival Mawazine Rythmes du Monde, organis\u00e9 sous le Haut Patronage de Sa Majest\u00e9 le Roi Mohammed VI, pr\u00e9sente pour sa 17\u00e8me \u00e9dition quatre grands noms de la musique arabe\u00a0: Le libanais Melhem [&hellip;]<\/p>\n","protected":false},"author":1,"featured_media":5533,"comment_status":"open","ping_status":"open","sticky":false,"template":"","format":"standard","meta":{"_acf_changed":false,"footnotes":""},"categories":[1],"tags":[],"class_list":["post-5532","post","type-post","status-publish","format-standard","has-post-thumbnail","hentry","category-actualites"],"acf":[],"_links":{"self":[{"href":"https:\/\/mawazine.ma\/fr\/wp-json\/wp\/v2\/posts\/5532","targetHints":{"allow":["GET"]}}],"collection":[{"href":"https:\/\/mawazine.ma\/fr\/wp-json\/wp\/v2\/posts"}],"about":[{"href":"https:\/\/mawazine.ma\/fr\/wp-json\/wp\/v2\/types\/post"}],"author":[{"embeddable":true,"href":"https:\/\/mawazine.ma\/fr\/wp-json\/wp\/v2\/users\/1"}],"replies":[{"embeddable":true,"href":"https:\/\/mawazine.ma\/fr\/wp-json\/wp\/v2\/comments?post=5532"}],"version-history":[{"count":1,"href":"https:\/\/mawazine.ma\/fr\/wp-json\/wp\/v2\/posts\/5532\/revisions"}],"predecessor-version":[{"id":5537,"href":"https:\/\/mawazine.ma\/fr\/wp-json\/wp\/v2\/posts\/5532\/revisions\/5537"}],"wp:featuredmedia":[{"embeddable":true,"href":"https:\/\/mawazine.ma\/fr\/wp-json\/wp\/v2\/media\/5533"}],"wp:attachment":[{"href":"https:\/\/mawazine.ma\/fr\/wp-json\/wp\/v2\/media?parent=5532"}],"wp:term":[{"taxonomy":"category","embeddable":true,"href":"https:\/\/mawazine.ma\/fr\/wp-json\/wp\/v2\/categories?post=5532"},{"taxonomy":"post_tag","embeddable":true,"href":"https:\/\/mawazine.ma\/fr\/wp-json\/wp\/v2\/tags?post=5532"}],"curies":[{"name":"wp","href":"https:\/\/api.w.org\/{rel}","templated":true}]}}