{"id":5376,"date":"2018-03-29T09:13:00","date_gmt":"2018-03-29T07:13:00","guid":{"rendered":"http:\/\/localhost:8888\/sites\/mawazine\/?p=5376"},"modified":"2018-03-29T16:10:11","modified_gmt":"2018-03-29T14:10:11","slug":"ouverture-grandiose-pour-mawazine-2018","status":"publish","type":"post","link":"https:\/\/mawazine.ma\/fr\/ouverture-grandiose-pour-mawazine-2018\/","title":{"rendered":"Ouverture grandiose pour Mawazine 2018 !"},"content":{"rendered":"<p>&nbsp;<\/p>\n<p><img loading=\"lazy\" decoding=\"async\" class=\"alignleft size-medium wp-image-5456\" src=\"localhost:8888\/sites\/mawazine2019\/wp-content\/uploads\/2018\/03\/F40FDB80-0579-4E2B-AAA5-5F64700D4A40-300x198.png\" alt=\"\" width=\"300\" height=\"198\" srcset=\"https:\/\/mawazine.ma\/wp-content\/uploads\/2018\/03\/F40FDB80-0579-4E2B-AAA5-5F64700D4A40-300x198.png 300w, https:\/\/mawazine.ma\/wp-content\/uploads\/2018\/03\/F40FDB80-0579-4E2B-AAA5-5F64700D4A40.png 620w\" sizes=\"auto, (max-width: 300px) 100vw, 300px\" \/><\/p>\n<ul>\n<li>La superstar Martin Garrix enflammera l\u2019OLM Souissi<\/li>\n<li>\n<h4>Le Kayser de la chanson arabe Kadim Al Sahir marquera les esprits de la sc\u00e8ne Nahda<\/h4>\n<\/li>\n<\/ul>\n<ul>\n<li>\n<h4>Ihab Amir, Cravata et Aminux porteront les couleurs du Maroc \u00e0 Sal\u00e9<\/h4>\n<\/li>\n<\/ul>\n<ul>\n<li>\n<h4>Le mythique Ebo Taylor c\u00e9l\u00e9brera le meilleur de l\u2019afrobeat au Bouregreg<\/h4>\n<\/li>\n<li>\n<h4>Le g\u00e9nial violoniste Ara Malikian envo\u00fbtera le public du Th\u00e9\u00e2tre National Mohammed V<\/h4>\n<\/li>\n<\/ul>\n<p>&nbsp;<\/p>\n<p><b>Rabat, 29 mars 2018\u00a0<\/b>: L\u2019Association Maroc Cultures a le plaisir de pr\u00e9senter la programmation des concerts d\u2019ouverture de la 17\u00e8me \u00e9dition du Festival Mawazine Rythmes du Monde, organis\u00e9 sous le Haut Patronage de Sa Majest\u00e9 le Roi Mohammed VI et qui se tiendra du 22 au 30 juin 2018. A l\u2019honneur\u00a0: le Maroc, les Pays Bas, l\u2019Irak, le Ghana et l\u2019Arm\u00e9nie.<\/p>\n<p>&nbsp;<\/p>\n<p>Les sons et lumi\u00e8res du prodige <b>Martin Garrix<\/b> \u00e9blouiront le public de la sc\u00e8ne de l\u2019OLM Souissi le 22 juin. Avec une carri\u00e8re d&rsquo;\u00e0 peine cinq ans, le DJ Martin Garrix s&rsquo;est hiss\u00e9 au niveau mondial dans les milieux de la pop et de la musique \u00e9lectronique, et il est loin de s&rsquo;arr\u00eater \u00e0 cela. \u00c2g\u00e9 de 21 ans, le talent le plus frais de la Dance Music a \u00e9t\u00e9 en t\u00eate d&rsquo;affiche des plus grands festivals du monde, fond\u00e9 un label, encadr\u00e9 d&rsquo;autres artistes, et gagn\u00e9 deux fois la premi\u00e8re place du Top 100 de DJ Mag. Sa passion, son ambition, son dynamisme et sa maturit\u00e9 restent in\u00e9gal\u00e9s dans le monde.<\/p>\n<p>&nbsp;<\/p>\n<p>Le m\u00eame soir, c\u2019est le Kayser de la chanson arabe <b>Kadim Al Sahir<\/b>, qui se produira sur la sc\u00e8ne Nahda. L\u2019Irakien aux 100 millions d\u2019albums vendus et aux plus de 40 millions de fans sur les r\u00e9seaux sociaux, est consid\u00e9r\u00e9 comme le chanteur le plus c\u00e9l\u00e8bre du monde arabe. L\u2019auteur-compositeur originaire de Mossoul est attendu pour une prestation au cours de laquelle il fera la d\u00e9monstration de sa parfaite ma\u00eetrise vocale, puisant dans un r\u00e9pertoire qui privil\u00e9gie la ballade romantique, les maqamat, la po\u00e9sie et les paroles engag\u00e9es.<\/p>\n<p>&nbsp;<\/p>\n<p>Comme il est de tradition \u00e0 Mawazine, plus de moiti\u00e9 de la programmation du festival sera d\u00e9di\u00e9e aux artistes marocains. Et c\u2019est une fois encore la sc\u00e8ne de Sal\u00e9 qui se fera le porte-voix des meilleurs talents du pays. La soir\u00e9e d\u2019ouverture verra ainsi se produire un trio de chanteurs parmi les plus tendance du moment. <b>Ihab Amir<\/b>, originaire de Safi, fera son show apr\u00e8s avoir brillamment remport\u00e9 un MEMA Award et avoir \u00e9t\u00e9 en lice pour un MUREX d&rsquo;or dans la cat\u00e9gorie \u00ab\u00a0chanteur le plus populaire du monde arabe\u00a0\u00bb. Celui qui vient de f\u00eater ses 22 ans est consid\u00e9r\u00e9 comme l&rsquo;un des chanteurs les plus prometteurs de sa g\u00e9n\u00e9ration.<\/p>\n<p>&nbsp;<\/p>\n<p>Le Tang\u00e9rois Amine Temri, dit <b>Aminux<\/b>, l\u2019un des artistes marocains les plus regard\u00e9s sur YouTube, sera \u00e9galement de la partie ce m\u00eame soir. Ainsi que Salim Bennani, dont le groupe <b>Cravata<\/b> s&rsquo;accapare les rythmes du folklore marocain et des plus grands tubes internationaux pour les transformer en une bande-son festive et d\u00e9lirante qui cartonne sur les r\u00e9seaux sociaux !<\/p>\n<p>&nbsp;<\/p>\n<p>Sur la sc\u00e8ne Bouregreg, les passionn\u00e9s de musiques africaines auront rendez-vous au m\u00eame moment avec le ghan\u00e9en <b>Ebo Taylor<\/b>. Figure, aux c\u00f4t\u00e9s de Fela Kuti, de la transformation du style highlife en afrobeat, le guitariste et arrangeur surdou\u00e9 plongera avec son big band au c\u0153ur des traditions r\u00e9gionales. Il sera entour\u00e9 de musiciens exceptionnels et se nourrira du grand brassage musical qui s\u2019op\u00e8re depuis les ann\u00e9es 1970 dans cette partie du continent.<\/p>\n<p>Au Th\u00e9\u00e2tre National Mohammed V, le public sera plong\u00e9 dans l\u2019univers musical d\u2019une autre l\u00e9gende : le violoniste <b>Ara Malikian<\/b>. Incarnation de l\u2019artiste cosmopolite, cet Arm\u00e9nien de g\u00e9nie a grandi au Liban avant d\u2019\u00e9tudier la musique en Allemagne, pour ensuite s\u2019installer \u00e0 Madrid et offrir des shows \u00e9poustouflants \u00e0 travers le monde.<\/p>","protected":false},"excerpt":{"rendered":"<p>&nbsp; La superstar Martin Garrix enflammera l\u2019OLM Souissi Le Kayser de la chanson arabe Kadim Al Sahir marquera les esprits de la sc\u00e8ne Nahda Ihab Amir, Cravata et Aminux porteront les couleurs du Maroc \u00e0 Sal\u00e9 Le mythique Ebo Taylor c\u00e9l\u00e9brera le meilleur de l\u2019afrobeat au Bouregreg Le g\u00e9nial violoniste Ara Malikian envo\u00fbtera le public [&hellip;]<\/p>\n","protected":false},"author":1,"featured_media":5456,"comment_status":"open","ping_status":"open","sticky":false,"template":"","format":"standard","meta":{"_acf_changed":false,"footnotes":""},"categories":[1],"tags":[],"class_list":["post-5376","post","type-post","status-publish","format-standard","has-post-thumbnail","hentry","category-actualites"],"acf":[],"_links":{"self":[{"href":"https:\/\/mawazine.ma\/fr\/wp-json\/wp\/v2\/posts\/5376","targetHints":{"allow":["GET"]}}],"collection":[{"href":"https:\/\/mawazine.ma\/fr\/wp-json\/wp\/v2\/posts"}],"about":[{"href":"https:\/\/mawazine.ma\/fr\/wp-json\/wp\/v2\/types\/post"}],"author":[{"embeddable":true,"href":"https:\/\/mawazine.ma\/fr\/wp-json\/wp\/v2\/users\/1"}],"replies":[{"embeddable":true,"href":"https:\/\/mawazine.ma\/fr\/wp-json\/wp\/v2\/comments?post=5376"}],"version-history":[{"count":2,"href":"https:\/\/mawazine.ma\/fr\/wp-json\/wp\/v2\/posts\/5376\/revisions"}],"predecessor-version":[{"id":5457,"href":"https:\/\/mawazine.ma\/fr\/wp-json\/wp\/v2\/posts\/5376\/revisions\/5457"}],"wp:featuredmedia":[{"embeddable":true,"href":"https:\/\/mawazine.ma\/fr\/wp-json\/wp\/v2\/media\/5456"}],"wp:attachment":[{"href":"https:\/\/mawazine.ma\/fr\/wp-json\/wp\/v2\/media?parent=5376"}],"wp:term":[{"taxonomy":"category","embeddable":true,"href":"https:\/\/mawazine.ma\/fr\/wp-json\/wp\/v2\/categories?post=5376"},{"taxonomy":"post_tag","embeddable":true,"href":"https:\/\/mawazine.ma\/fr\/wp-json\/wp\/v2\/tags?post=5376"}],"curies":[{"name":"wp","href":"https:\/\/api.w.org\/{rel}","templated":true}]}}