{"id":529,"date":"2016-05-23T15:17:08","date_gmt":"2016-05-23T13:17:08","guid":{"rendered":"http:\/\/localhost:8888\/sites\/mawazine\/?p=529"},"modified":"2017-02-25T17:25:58","modified_gmt":"2017-02-25T16:25:58","slug":"mawazine-troisieme-apres-deux-journees-de-folie","status":"publish","type":"post","link":"https:\/\/mawazine.ma\/fr\/mawazine-troisieme-apres-deux-journees-de-folie\/","title":{"rendered":"Mawazine, Troisi\u00e8me ! Apr\u00e8s deux journ\u00e9es de folie"},"content":{"rendered":"<p><\/p>\n<h4><a href=\"localhost:8888\/sites\/mawazine2019\/wp-content\/uploads\/2017\/02\/a7.jpg\" rel=\"prettyPhoto[photo]\"><img loading=\"lazy\" decoding=\"async\" class=\"size-medium wp-image-1256 alignleft\" src=\"localhost:8888\/sites\/mawazine2019\/wp-content\/uploads\/2017\/02\/a7-300x198.jpg\" alt=\"\" width=\"300\" height=\"198\" srcset=\"https:\/\/mawazine.ma\/wp-content\/uploads\/2017\/02\/a7-300x198.jpg 300w, https:\/\/mawazine.ma\/wp-content\/uploads\/2017\/02\/a7.jpg 620w\" sizes=\"auto, (max-width: 300px) 100vw, 300px\" \/><\/a>magistrales de Wyclef Jean et Myriam Fares.<\/h4>\n<p>Mawazine, troisi\u00e8me ! Apr\u00e8s deux journ\u00e9es de folie, le festival a connu un troisi\u00e8me acte tout aussi intense avec le concert de Wyclef Jean, le chanteur, producteur et acteur d\u2019origine ha\u00eftienne. Devenu c\u00e9l\u00e8bre dans les ann\u00e9es 90 aux c\u00f4t\u00e9s de Lauryn Hill, avec laquelle il formait The Fugees, Wyclef Jean a \u00e9t\u00e9 la pi\u00e8ce maitresse de The Score, l\u2019un des albums hip-hop les plus vendus de tous les temps. Mais ce sont surtout les hits de sa carri\u00e8re solo qui ont parsem\u00e9 sa monumentale prestation livr\u00e9e hier soir sur la sc\u00e8ne de l\u2019OLM Souissi. Laur\u00e9ats de trois Grammy Awards, le musicien hors pair a fait danser les milliers spectateurs r\u00e9unis pour l\u2019occasion. Au cours de son show \u00e0 l\u2019am\u00e9ricaine, Wyclef Jean a rendu un hommage appuy\u00e9 au public, faisant monter sur sc\u00e8ne des enfants ainsi que la troupe marocaine Batucada. Le chanteur a aussi jou\u00e9 du luth et pris un bain de foule \u00e0 l\u2019issue duquel il est revenu sur sc\u00e8ne avec le drapeau du Maroc.<\/p>\n<h4>Une soir\u00e9e grandiose de la part d\u2019un artiste qui laissera un souvenir ind\u00e9l\u00e9bile !<\/h4>\n<p>Une autre superstar avait rendez-vous le m\u00eame soir avec les festivaliers. Sur la sc\u00e8ne Nahda, pleine \u00e0 craquer, celle que l\u2019on surnomme la Reine de la sc\u00e8ne, la grande Myriam Fares, a offert un spectacle d\u2019anthologie. La chanteuse libanaise, \u00e9galement actrice et danseuse, a commenc\u00e9 son concert avec une chanson marocaine, Sawt El Hassan, entour\u00e9e du drapeau du Maroc. Par la suite, elle a livr\u00e9 ses plus grands titres et r\u00e9interpr\u00e9t\u00e9 avec brio des chansons arabes modernes et populaires, revisitant certains classiques marocains. Toujours ouverte \u00e0 la cr\u00e9ativit\u00e9 et aux nouvelles tendances, Myriam Fares a brillamment montr\u00e9 combien son immense talent en faisait une \u00e9toile incontournable de la musique arabe.<\/p>\n<p>De rythmes et de tr\u00e8s belles \u00e9nergies il \u00e9tait aussi question sur la sc\u00e8ne du Bouregreg, o\u00f9 les 11 porte drapeaux de l\u2019Orchestre National de Barb\u00e8s ont c\u00e9l\u00e9br\u00e9 les vingt ans du groupe avec un brassage musical qui n\u2019a laiss\u00e9 personne indiff\u00e9rent. Entre sons d&rsquo;Afrique du Nord et musiques rock, reggae et ska cuivre\u0301, la formation a revendiqu\u00e9 avec joie et humour l&rsquo;image d\u2019un patchwork multiculturel, intelligent\u2026 et irr\u00e9sistiblement festif !<\/p>\n<p>Dans une atmosph\u00e8re plus intimiste, le Th\u00e9\u00e2tre National Mohammed V a accueilli les h\u00e9ritiers d&rsquo;une grande famille d&rsquo;oudistes, trois fr\u00e8res originaires de Nazareth et formant le Trio Joubran.<\/p>\n<p>Tr\u00e8s impliqu\u00e9e dans la d\u00e9fense et la diffusion de la culture palestinienne, la formation, qui se produit r\u00e9guli\u00e8rement en Europe et aux \u00c9tats-Unis, a interpr\u00e9t\u00e9 ses plus belles cr\u00e9ations sous les applaudissements nourris du public. Le Trio Joubran a profit\u00e9 de ce concert pour rendre hommage \u00e0 deux hommes qui ont marqu\u00e9 l\u2019histoire de la musique arabe : le luthiste marocain Said Chra\u00efbi et le po\u00e8te palestinien Mahmoud Darwich.<\/p>","protected":false},"excerpt":{"rendered":"<p>magistrales de Wyclef Jean et Myriam Fares. Mawazine, troisi\u00e8me ! Apr\u00e8s deux journ\u00e9es de folie, le festival a connu un troisi\u00e8me acte tout aussi intense avec le concert de Wyclef Jean, le chanteur, producteur et acteur d\u2019origine ha\u00eftienne. Devenu c\u00e9l\u00e8bre dans les ann\u00e9es 90 aux c\u00f4t\u00e9s de Lauryn Hill, avec laquelle il formait The Fugees, [&hellip;]<\/p>\n","protected":false},"author":1,"featured_media":1256,"comment_status":"open","ping_status":"open","sticky":false,"template":"","format":"standard","meta":{"_acf_changed":false,"footnotes":""},"categories":[1],"tags":[],"class_list":["post-529","post","type-post","status-publish","format-standard","has-post-thumbnail","hentry","category-actualites"],"acf":[],"_links":{"self":[{"href":"https:\/\/mawazine.ma\/fr\/wp-json\/wp\/v2\/posts\/529","targetHints":{"allow":["GET"]}}],"collection":[{"href":"https:\/\/mawazine.ma\/fr\/wp-json\/wp\/v2\/posts"}],"about":[{"href":"https:\/\/mawazine.ma\/fr\/wp-json\/wp\/v2\/types\/post"}],"author":[{"embeddable":true,"href":"https:\/\/mawazine.ma\/fr\/wp-json\/wp\/v2\/users\/1"}],"replies":[{"embeddable":true,"href":"https:\/\/mawazine.ma\/fr\/wp-json\/wp\/v2\/comments?post=529"}],"version-history":[{"count":7,"href":"https:\/\/mawazine.ma\/fr\/wp-json\/wp\/v2\/posts\/529\/revisions"}],"predecessor-version":[{"id":1927,"href":"https:\/\/mawazine.ma\/fr\/wp-json\/wp\/v2\/posts\/529\/revisions\/1927"}],"wp:featuredmedia":[{"embeddable":true,"href":"https:\/\/mawazine.ma\/fr\/wp-json\/wp\/v2\/media\/1256"}],"wp:attachment":[{"href":"https:\/\/mawazine.ma\/fr\/wp-json\/wp\/v2\/media?parent=529"}],"wp:term":[{"taxonomy":"category","embeddable":true,"href":"https:\/\/mawazine.ma\/fr\/wp-json\/wp\/v2\/categories?post=529"},{"taxonomy":"post_tag","embeddable":true,"href":"https:\/\/mawazine.ma\/fr\/wp-json\/wp\/v2\/tags?post=529"}],"curies":[{"name":"wp","href":"https:\/\/api.w.org\/{rel}","templated":true}]}}