{"id":4264,"date":"2017-05-16T17:40:56","date_gmt":"2017-05-16T15:40:56","guid":{"rendered":"http:\/\/localhost:8888\/sites\/mawazine\/?p=4264"},"modified":"2017-05-16T17:52:52","modified_gmt":"2017-05-16T15:52:52","slug":"flamenco-dance-company-of-jose-porcel-se-produira-a-la-place-de-rafael-amargo-flamenco-danse-company","status":"publish","type":"post","link":"https:\/\/mawazine.ma\/fr\/flamenco-dance-company-of-jose-porcel-se-produira-a-la-place-de-rafael-amargo-flamenco-danse-company\/","title":{"rendered":"\u00a0\u00bbFlamenco Dance company of Jos\u00e9 Porcel\u00a0\u00bb se produira \u00e0 la place de \u00ab\u00a0Rafael Amargo Flamenco Danse Company\u00a0\u00bb"},"content":{"rendered":"<p><\/p>\n<h4><img loading=\"lazy\" decoding=\"async\" class=\"alignleft size-medium wp-image-4097\" src=\"localhost:8888\/sites\/mawazine2019\/wp-content\/uploads\/2017\/05\/PH1-300x198.png\" alt=\"\" width=\"300\" height=\"198\" srcset=\"https:\/\/mawazine.ma\/wp-content\/uploads\/2017\/05\/PH1-300x198.png 300w, https:\/\/mawazine.ma\/wp-content\/uploads\/2017\/05\/PH1.png 620w\" sizes=\"auto, (max-width: 300px) 100vw, 300px\" \/>\u00ab\u00a0Flamenco Dance company of Jos\u00e9 Porcel\u00a0\u00bb se produira \u00e0 la place de \u00ab\u00a0Rafael\u00a0Amargo\u00a0Flamenco Danse Company\u00a0\u00bb<\/h4>\n<p>Pour des raisons de sant\u00e9, le danseur et chor\u00e9graphe espagnol Rafael\u00a0Amargo\u00a0ne pourra pas se produire le vendredi 19 mai au Th\u00e9\u00e2tre National Mohammed V. Pour cette soir\u00e9e, le Festival Mawazine a le plaisir d&rsquo;accueillir\u00a0<i>\u00ab\u00a0Flamenco Danse company of Jos\u00e9 Porcel\u00a0\u00bb<\/i><\/p>","protected":false},"excerpt":{"rendered":"<p>\u00ab\u00a0Flamenco Dance company of Jos\u00e9 Porcel\u00a0\u00bb se produira \u00e0 la place de \u00ab\u00a0Rafael\u00a0Amargo\u00a0Flamenco Danse Company\u00a0\u00bb Pour des raisons de sant\u00e9, le danseur et chor\u00e9graphe espagnol Rafael\u00a0Amargo\u00a0ne pourra pas se produire le vendredi 19 mai au Th\u00e9\u00e2tre National Mohammed V. Pour cette soir\u00e9e, le Festival Mawazine a le plaisir d&rsquo;accueillir\u00a0\u00ab\u00a0Flamenco Danse company of Jos\u00e9 Porcel\u00a0\u00bb<\/p>\n","protected":false},"author":1,"featured_media":4097,"comment_status":"open","ping_status":"open","sticky":false,"template":"","format":"standard","meta":{"_acf_changed":false,"footnotes":""},"categories":[1],"tags":[],"class_list":["post-4264","post","type-post","status-publish","format-standard","has-post-thumbnail","hentry","category-actualites"],"acf":[],"_links":{"self":[{"href":"https:\/\/mawazine.ma\/fr\/wp-json\/wp\/v2\/posts\/4264","targetHints":{"allow":["GET"]}}],"collection":[{"href":"https:\/\/mawazine.ma\/fr\/wp-json\/wp\/v2\/posts"}],"about":[{"href":"https:\/\/mawazine.ma\/fr\/wp-json\/wp\/v2\/types\/post"}],"author":[{"embeddable":true,"href":"https:\/\/mawazine.ma\/fr\/wp-json\/wp\/v2\/users\/1"}],"replies":[{"embeddable":true,"href":"https:\/\/mawazine.ma\/fr\/wp-json\/wp\/v2\/comments?post=4264"}],"version-history":[{"count":3,"href":"https:\/\/mawazine.ma\/fr\/wp-json\/wp\/v2\/posts\/4264\/revisions"}],"predecessor-version":[{"id":4267,"href":"https:\/\/mawazine.ma\/fr\/wp-json\/wp\/v2\/posts\/4264\/revisions\/4267"}],"wp:featuredmedia":[{"embeddable":true,"href":"https:\/\/mawazine.ma\/fr\/wp-json\/wp\/v2\/media\/4097"}],"wp:attachment":[{"href":"https:\/\/mawazine.ma\/fr\/wp-json\/wp\/v2\/media?parent=4264"}],"wp:term":[{"taxonomy":"category","embeddable":true,"href":"https:\/\/mawazine.ma\/fr\/wp-json\/wp\/v2\/categories?post=4264"},{"taxonomy":"post_tag","embeddable":true,"href":"https:\/\/mawazine.ma\/fr\/wp-json\/wp\/v2\/tags?post=4264"}],"curies":[{"name":"wp","href":"https:\/\/api.w.org\/{rel}","templated":true}]}}