{"id":2411,"date":"2017-03-14T10:00:04","date_gmt":"2017-03-14T09:00:04","guid":{"rendered":"http:\/\/localhost:8888\/sites\/mawazine\/?p=2411"},"modified":"2017-03-28T12:19:51","modified_gmt":"2017-03-28T10:19:51","slug":"les-voix-de-lirak-et-du-liban-a-mawazine","status":"publish","type":"post","link":"https:\/\/mawazine.ma\/fr\/les-voix-de-lirak-et-du-liban-a-mawazine\/","title":{"rendered":"Les voix de l\u2019Irak et du Liban \u00e0 Mawazine"},"content":{"rendered":"<p><\/p>\n<h4><a href=\"localhost:8888\/sites\/mawazine2019\/wp-content\/uploads\/2017\/03\/PH-FaresMajid.png\"><img loading=\"lazy\" decoding=\"async\" class=\"alignleft size-medium wp-image-2680\" src=\"localhost:8888\/sites\/mawazine2019\/wp-content\/uploads\/2017\/03\/PH-FaresMajid-300x198.png\" alt=\"\" width=\"300\" height=\"198\" srcset=\"https:\/\/mawazine.ma\/wp-content\/uploads\/2017\/03\/PH-FaresMajid-300x198.png 300w, https:\/\/mawazine.ma\/wp-content\/uploads\/2017\/03\/PH-FaresMajid.png 620w\" sizes=\"auto, (max-width: 300px) 100vw, 300px\" \/><\/a>Majid Al Mohandis et Fares Karam se produiront respectivement le samedi 13 et le mardi 16 mai \u00e0 la sc\u00e8ne Nahda.<\/h4>\n<p><b>Rabat, le mardi 14 mars 2017 \u2013<\/b> Mawazine offre chaque ann\u00e9e des soir\u00e9es m\u00e9morables avec les grands noms de la chanson arabe et orientale. Pour la 16e \u00e9dition, le festival poursuit sa promesse en accueillant \u00e0 la sc\u00e8ne Nahda le chanteur irakien Majid Al Mohandis, le samedi 13 mai, et l\u2019artiste libanais Fares Karam, le mardi 16 mai.<\/p>\n<p>Pr\u00e9sent sur la sc\u00e8ne musicale depuis les ann\u00e9es 90, Majid Abdelamine Adhir Al Otabi, plus connu sous le nom de Majid Al Mohandis, est n\u00e9 \u00e0 Bagdad. C\u2019est le po\u00e8te Aziz El Rassam qui le pousse vers le milieu de la chanson et le surnomme \u00ab Al Mohandes \u00bb puisque Majid est ing\u00e9nieur en a\u00e9ronautique. Le chanteur et compositeur a troqu\u00e9 donc son dipl\u00f4me d\u2019ing\u00e9nieur pour une carri\u00e8re artistique. En 1992, il signe avec une maison de production en Jordanie pour son premier succ\u00e8s <i>Mochkila <\/i>et enregistre ensuite 4 albums avant de rejoindre le label Rotana.<\/p>\n<p>Son 1er opus en tant qu\u2019artiste Rotana est intitul\u00e9 <i>Wa7echni Mout<\/i>. Aux sonorit\u00e9s iraquiennes, l\u2019album permet \u00e0 Majid Al Mohandis de se d\u00e9marquer rapidement et recevoir en 2005 le prix du meilleur chanteur arabe. S\u2019en suivent les albums <i>Injanait<\/i>, <i>Anssi<\/i> et <i>Odkorini<\/i> qui placent le chanteur au sommet des charts et consolident sa r\u00e9putation de \u00ab Moutrib Al Ochaq \u00bb (le chanteur des passionn\u00e9s) dans le monde arabe.<\/p>\n<p>Le mardi 16 mai, c\u2019est Fares Karam qui animera la sc\u00e8ne Nahda avec ses tubes de vari\u00e9t\u00e9s et de dabkeh libanais. N\u00e9 \u00e0 Jezzine (Liban), Fares Karam se fait remarquer en 1996 \u00e0 la t\u00e9l\u00e9vision libanaise gr\u00e2ce \u00e0 l\u2019\u00e9mission <i>Studio El Fan<\/i>.<\/p>\n<p>Depuis, il a enregistr\u00e9 plus de neuf albums et se produit \u00e0 guichets ferm\u00e9s dans de prestigieux \u00e9v\u00e8nements tels que le Fifteenth Faces Concert en 2005, le festival de Carthage en 2009, sans oublier ses tourn\u00e9es aux Etats-Unis, au Canada, en Australie et en Am\u00e9rique du Sud.<\/p>\n<p>Fares Karam a r\u00e9ussi \u00e0 accumuler prix et r\u00e9compenses, depuis 1999 au \u201cSydney Cedars Club\u201d ou encore au \u201cLions International\u201d mais aussi \u00e0 \u201cThe Arms of Alberta\u201d. Artiste dou\u00e9, Fares Karam introduit le dabkeh avec des sonorit\u00e9s libanaises revisit\u00e9es. Ses plus grands succ\u00e8s ; <i>Shefta<\/i>, <i>El- Tanoura<\/i>, <i>Reitani<\/i> et <i>Neswanji<\/i> ont beaucoup contribu\u00e9 \u00e0 propager ce style musical populaire libanais dans le monde arabe.<\/p>","protected":false},"excerpt":{"rendered":"<p>Majid Al Mohandis et Fares Karam se produiront respectivement le samedi 13 et le mardi 16 mai \u00e0 la sc\u00e8ne Nahda. Rabat, le mardi 14 mars 2017 \u2013 Mawazine offre chaque ann\u00e9e des soir\u00e9es m\u00e9morables avec les grands noms de la chanson arabe et orientale. Pour la 16e \u00e9dition, le festival poursuit sa promesse en [&hellip;]<\/p>\n","protected":false},"author":1,"featured_media":2680,"comment_status":"open","ping_status":"open","sticky":false,"template":"","format":"standard","meta":{"_acf_changed":false,"footnotes":""},"categories":[1],"tags":[],"class_list":["post-2411","post","type-post","status-publish","format-standard","has-post-thumbnail","hentry","category-actualites"],"acf":[],"_links":{"self":[{"href":"https:\/\/mawazine.ma\/fr\/wp-json\/wp\/v2\/posts\/2411","targetHints":{"allow":["GET"]}}],"collection":[{"href":"https:\/\/mawazine.ma\/fr\/wp-json\/wp\/v2\/posts"}],"about":[{"href":"https:\/\/mawazine.ma\/fr\/wp-json\/wp\/v2\/types\/post"}],"author":[{"embeddable":true,"href":"https:\/\/mawazine.ma\/fr\/wp-json\/wp\/v2\/users\/1"}],"replies":[{"embeddable":true,"href":"https:\/\/mawazine.ma\/fr\/wp-json\/wp\/v2\/comments?post=2411"}],"version-history":[{"count":2,"href":"https:\/\/mawazine.ma\/fr\/wp-json\/wp\/v2\/posts\/2411\/revisions"}],"predecessor-version":[{"id":2681,"href":"https:\/\/mawazine.ma\/fr\/wp-json\/wp\/v2\/posts\/2411\/revisions\/2681"}],"wp:featuredmedia":[{"embeddable":true,"href":"https:\/\/mawazine.ma\/fr\/wp-json\/wp\/v2\/media\/2680"}],"wp:attachment":[{"href":"https:\/\/mawazine.ma\/fr\/wp-json\/wp\/v2\/media?parent=2411"}],"wp:term":[{"taxonomy":"category","embeddable":true,"href":"https:\/\/mawazine.ma\/fr\/wp-json\/wp\/v2\/categories?post=2411"},{"taxonomy":"post_tag","embeddable":true,"href":"https:\/\/mawazine.ma\/fr\/wp-json\/wp\/v2\/tags?post=2411"}],"curies":[{"name":"wp","href":"https:\/\/api.w.org\/{rel}","templated":true}]}}