{"id":1736,"date":"2016-04-04T15:16:56","date_gmt":"2016-04-04T13:16:56","guid":{"rendered":"http:\/\/localhost:8888\/sites\/mawazine\/?p=1736"},"modified":"2018-05-23T12:29:32","modified_gmt":"2018-05-23T10:29:32","slug":"saber-rebai-en-concert-de-cloture-a-mawazine","status":"publish","type":"post","link":"https:\/\/mawazine.ma\/fr\/saber-rebai-en-concert-de-cloture-a-mawazine\/","title":{"rendered":"Saber Reba\u00ef en concert de cl\u00f4ture \u00e0 Mawazine"},"content":{"rendered":"<p><\/p>\n<h4>Le prince du Tarab se produira le samedi 28 mai sur la sc\u00e8ne Nahda<\/h4>\n<p>Rabat \u2013 le 04 avril 2016 \u2013 La 15\u00e8me \u00e9dition du festival Mawazine Rythmes du Monde signe le grand retour du maestro tunisien Saber Reba\u00ef sur la sc\u00e8ne Nahda. Une cl\u00f4ture qui promet d\u2019ores et d\u00e9j\u00e0 des moments inoubliables, tant\u00f4t festifs tant\u00f4t bouleversants.<\/p>\n<p>Le 28 mai prochain, l\u2019une des plus belles voix de la musique arabe foulera de nouveau le sol de la capitale du Royaume pour un concert exceptionnel. Cet auteur, compositeur et interpr\u00e8te a en effet laiss\u00e9 une empreinte ind\u00e9l\u00e9bile dans l\u2019histoire du festival apr\u00e8s son passage sur la sc\u00e8ne Nahda en 2011. Un show qui, aujourd\u2019hui encore, \u00e9voque de merveilleux moments de communion avec un public conquis.<\/p>\n<p>De Carthage \u00e0 Jerash, en passant par l\u2019Op\u00e9ra du Caire, l\u2019Olympia de Paris, l\u2019Australie, la Palestine, les \u00c9tats-Unis ou encore la Cor\u00e9e du Sud, ce g\u00e9nie de la musique a foul\u00e9 les planches des sc\u00e8nes les plus prestigieuses du monde et ce, depuis la sortie en 2000 de sa version du mythique Sidi Mansour.<\/p>\n<p>N\u00e9 le 13 mars 1967 dans une famille sfaxienne, Saber Reba\u00ef a depuis son plus jeune \u00e2ge \u00e9t\u00e9 berc\u00e9 par la musique diffus\u00e9e et jou\u00e9e quasi continuellement par ses parents, m\u00e9lomanes avertis qui lui ont toujours manifest\u00e9 leur infaillible soutien. Il est d\u2019ailleurs initi\u00e9 \u00e0 l&rsquo;oud d\u00e8s l&rsquo;\u00e2ge de dix ans, puis au violon, qu\u2019il pratique lors d\u2019\u00e9v\u00e9nements familiaux dont les participants, d\u00e9j\u00e0, lui pr\u00e9disaient un avenir sous les feux des projecteurs. Laur\u00e9at d\u2019une ma\u00eetrise en musicologie, ses influences et sources d\u2019inspiration sont diverses : Mohammed Abd El Wahab, Abd El Kader El Asaly, Wadih Al-Safi, Abdel Halim Hafez ou encore Karem Mahmoud.<\/p>\n<p>Grand vainqueur d\u2019un concours pour jeunes talents en 1985, il se produit pour la premi\u00e8re fois au Festival international de Carthage. Comme beaucoup d&rsquo;artistes arabes, il parfait son art au Caire puis au Liban, o\u00f9 les m\u00e9dias dressent de lui le portrait d\u2019un artiste avant-gardiste et prometteur. \u00ab Ma musique n&rsquo;est pas extraterrestre, ni archa\u00efque, ni futuriste, mais elle contient une petite virgule de l&rsquo;\u00e9poque. C&rsquo;est l&rsquo;ancien m\u00e9lang\u00e9 \u00e0 l&rsquo;air du temps \u00bb, dira-t-il. Ce mariage heureux du traditionnel et du moderne est donc le secret d\u2019une brillante carri\u00e8re qui compte aujourd\u2019hui pas moins de 13 albums au succ\u00e8s plan\u00e9taire.<\/p>\n<p>Des opus qui lui valent d\u2019\u00eatre surnomm\u00e9 le \u201cprince du Tarab\u201d par ses pairs et son public de plus en plus large et \u00e9clectique. Son r\u00e9pertoire, faisant d\u00e9sormais partie du patrimoine culturel tunisien, lui ouvre les portes de nombreux \u00e9v\u00e9nements d\u2019envergure autour du globe. Il se voit par l\u00e0 m\u00eame d\u00e9cerner le prix pr\u00e9sidentiel pour la meilleure \u0153uvre culturelle en Tunisie (2003) ou encore le titre du meilleur chanteur arabe \u00e0 Beyrouth (2004), pour ne citer qu\u2019eux.<\/p>\n<p><\/p>","protected":false},"excerpt":{"rendered":"<p>Le prince du Tarab se produira le samedi 28 mai sur la sc\u00e8ne Nahda Rabat \u2013 le 04 avril 2016 \u2013 La 15\u00e8me \u00e9dition du festival Mawazine Rythmes du Monde signe le grand retour du maestro tunisien Saber Reba\u00ef sur la sc\u00e8ne Nahda. Une cl\u00f4ture qui promet d\u2019ores et d\u00e9j\u00e0 des moments inoubliables, tant\u00f4t festifs [&hellip;]<\/p>\n","protected":false},"author":1,"featured_media":1941,"comment_status":"open","ping_status":"open","sticky":false,"template":"","format":"standard","meta":{"_acf_changed":false,"footnotes":""},"categories":[1],"tags":[],"class_list":["post-1736","post","type-post","status-publish","format-standard","has-post-thumbnail","hentry","category-actualites"],"acf":[],"_links":{"self":[{"href":"https:\/\/mawazine.ma\/fr\/wp-json\/wp\/v2\/posts\/1736","targetHints":{"allow":["GET"]}}],"collection":[{"href":"https:\/\/mawazine.ma\/fr\/wp-json\/wp\/v2\/posts"}],"about":[{"href":"https:\/\/mawazine.ma\/fr\/wp-json\/wp\/v2\/types\/post"}],"author":[{"embeddable":true,"href":"https:\/\/mawazine.ma\/fr\/wp-json\/wp\/v2\/users\/1"}],"replies":[{"embeddable":true,"href":"https:\/\/mawazine.ma\/fr\/wp-json\/wp\/v2\/comments?post=1736"}],"version-history":[{"count":4,"href":"https:\/\/mawazine.ma\/fr\/wp-json\/wp\/v2\/posts\/1736\/revisions"}],"predecessor-version":[{"id":7253,"href":"https:\/\/mawazine.ma\/fr\/wp-json\/wp\/v2\/posts\/1736\/revisions\/7253"}],"wp:featuredmedia":[{"embeddable":true,"href":"https:\/\/mawazine.ma\/fr\/wp-json\/wp\/v2\/media\/1941"}],"wp:attachment":[{"href":"https:\/\/mawazine.ma\/fr\/wp-json\/wp\/v2\/media?parent=1736"}],"wp:term":[{"taxonomy":"category","embeddable":true,"href":"https:\/\/mawazine.ma\/fr\/wp-json\/wp\/v2\/categories?post=1736"},{"taxonomy":"post_tag","embeddable":true,"href":"https:\/\/mawazine.ma\/fr\/wp-json\/wp\/v2\/tags?post=1736"}],"curies":[{"name":"wp","href":"https:\/\/api.w.org\/{rel}","templated":true}]}}