{"id":1733,"date":"2016-04-07T15:16:30","date_gmt":"2016-04-07T13:16:30","guid":{"rendered":"http:\/\/localhost:8888\/sites\/mawazine\/?p=1733"},"modified":"2018-05-22T17:32:17","modified_gmt":"2018-05-22T15:32:17","slug":"mawazine-fait-la-part-belle-aux-artistes-du-monde-entier","status":"publish","type":"post","link":"https:\/\/mawazine.ma\/fr\/mawazine-fait-la-part-belle-aux-artistes-du-monde-entier\/","title":{"rendered":"Mawazine fait la part belle aux artistes du monde entier sur la sc\u00e8ne du Th\u00e9\u00e2tre National Mohammed V"},"content":{"rendered":"<p><\/p>\n<p><strong>L\u2019institution culturelle accueillera du 20 au 28 mai une programmation de tr\u00e8s haut niveau<\/strong><\/p>\n<p>Rabat, le 07 avril 2016 &#8211; Poursuivant sa d\u00e9marche en faveur d\u2019une programmation surprenante et de grande qualit\u00e9, la 15\u00e8me \u00e9dition du festival Mawazine Rythmes du Monde offrira cette ann\u00e9e la pr\u00e9sence in\u00e9dite d\u2019artistes de renom dont le public marocain pourra applaudir les prestations dans le cadre intimiste du Th\u00e9\u00e2tre National Mohammed V. Comme il est de tradition, la sc\u00e8ne de l\u2019institution accueillera des figures musicales du monde entier.<\/p>\n<p>C\u2019est d\u2019abord Kadim Al Sahir qui sera \u00e0 l\u2019honneur vendredi 20 mai, pour un concert d\u2019ouverture qui s\u2019annonce m\u00e9morable. Originaire de Mossoul, en Irak, Kadim Al Sahir est le plus grand chanteur du monde arabe. Avec plus de 100 millions d\u2019albums vendus et des collaborations prestigieuses, celui qui se fait appeler le \u201cC\u00e9sar de la chanson\u201d \u00e9blouira le public de Mawazine gr\u00e2ce \u00e0 sa parfaite ma\u00eetrise vocale et un r\u00e9pertoire qui navigue entre ballades romantiques, maqamats, po\u00e8mes traditionnels et paroles engag\u00e9es.<\/p>\n<p>Venu de l\u2019autre c\u00f4t\u00e9 de l\u2019oc\u00e9an, le groupe argentin Alma de Tango rassemblera samedi 21 mai le bandon\u00e9oniste Juan Jos\u00e9 Mosalini, la chanteuse Sandra Rumolino et le danseur et metteur en sc\u00e8ne Jorge Rodriguez. Tant\u00f4t intimiste, tant\u00f4t volcanique, le spectacle donnera \u00e0 voir les incroyables \u00e9motions v\u00e9hicul\u00e9es par le tango. Revendiquant une dimension po\u00e9tique sans jamais renier son appartenance populaire, Alma de Tango portera haut son identit\u00e9 argentine c\u00e9l\u00e9br\u00e9e \u00e0 travers les plus belles pi\u00e8ces de cette danse unique.<\/p>\n<p>H\u00e9ritier d&rsquo;une famille de joueurs palestiniens d\u2019ouds, le Trio Joubran est compos\u00e9 de trois fr\u00e8res virtuoses originaires de Nazareth. Form\u00e9 en 2003, le groupe se produit r\u00e9guli\u00e8rement en Europe, aux \u00c9tats-Unis, au Canada, en Am\u00e9rique latine et dans le monde arabe. Dimanche 22 mai, il proposera ses meilleures compositions tir\u00e9es des albums \u00e0 succ\u00e8s Randana, Maj\u00e2z ou encore Asf\u00e2r, d\u00e9di\u00e9s \u00e0 la diffusion de la culture palestinienne.<\/p>\n<p>C\u2019est une grande dame de la fusion que les festivaliers rencontreront lundi 23 mai. Reconnue pour son r\u00f4le pionnier dans le m\u00e9lange entre les musiques orientale et occidentale, Natacha Atlas pr\u00e9sentera son dernier album, Myriad Road, un disque de jazz compos\u00e9 et co-produit par le trompettiste Ibrahim Maalouf. Elle interpr\u00e9tera \u00e9galement les tubes qui ont fait le succ\u00e8s de sa carri\u00e8re depuis ses d\u00e9buts en 1994.<\/p>\n<p>Le lendemain, mardi 24 mai, la fusion de Qawwali Flamenco, n\u00e9e du m\u00e9lange des r\u00e9pertoires pakistanais et espagnol, offrira un croisement f\u00e9cond entre la puissance volcanique et virtuose du chant qawwali et le lyrisme hypnotique du flamenco. A la suite d&rsquo;une premi\u00e8re rencontre il y a dix ans, Faiz Ali Faiz sera de nouveau associ\u00e9 aux rythmes inimitables de Juan Gomez \u201cChicuelo\u201d, le guitariste f\u00e9tiche des grandes voix du flamenco.<\/p>\n<p><\/p>","protected":false},"excerpt":{"rendered":"<p>L\u2019institution culturelle accueillera du 20 au 28 mai une programmation de tr\u00e8s haut niveau Rabat, le 07 avril 2016 &#8211; Poursuivant sa d\u00e9marche en faveur d\u2019une programmation surprenante et de grande qualit\u00e9, la 15\u00e8me \u00e9dition du festival Mawazine Rythmes du Monde offrira cette ann\u00e9e la pr\u00e9sence in\u00e9dite d\u2019artistes de renom dont le public marocain pourra [&hellip;]<\/p>\n","protected":false},"author":1,"featured_media":1936,"comment_status":"open","ping_status":"open","sticky":false,"template":"","format":"standard","meta":{"_acf_changed":false,"footnotes":""},"categories":[1],"tags":[],"class_list":["post-1733","post","type-post","status-publish","format-standard","has-post-thumbnail","hentry","category-actualites"],"acf":[],"_links":{"self":[{"href":"https:\/\/mawazine.ma\/fr\/wp-json\/wp\/v2\/posts\/1733","targetHints":{"allow":["GET"]}}],"collection":[{"href":"https:\/\/mawazine.ma\/fr\/wp-json\/wp\/v2\/posts"}],"about":[{"href":"https:\/\/mawazine.ma\/fr\/wp-json\/wp\/v2\/types\/post"}],"author":[{"embeddable":true,"href":"https:\/\/mawazine.ma\/fr\/wp-json\/wp\/v2\/users\/1"}],"replies":[{"embeddable":true,"href":"https:\/\/mawazine.ma\/fr\/wp-json\/wp\/v2\/comments?post=1733"}],"version-history":[{"count":3,"href":"https:\/\/mawazine.ma\/fr\/wp-json\/wp\/v2\/posts\/1733\/revisions"}],"predecessor-version":[{"id":7229,"href":"https:\/\/mawazine.ma\/fr\/wp-json\/wp\/v2\/posts\/1733\/revisions\/7229"}],"wp:featuredmedia":[{"embeddable":true,"href":"https:\/\/mawazine.ma\/fr\/wp-json\/wp\/v2\/media\/1936"}],"wp:attachment":[{"href":"https:\/\/mawazine.ma\/fr\/wp-json\/wp\/v2\/media?parent=1733"}],"wp:term":[{"taxonomy":"category","embeddable":true,"href":"https:\/\/mawazine.ma\/fr\/wp-json\/wp\/v2\/categories?post=1733"},{"taxonomy":"post_tag","embeddable":true,"href":"https:\/\/mawazine.ma\/fr\/wp-json\/wp\/v2\/tags?post=1733"}],"curies":[{"name":"wp","href":"https:\/\/api.w.org\/{rel}","templated":true}]}}