{"id":1726,"date":"2016-04-10T19:33:51","date_gmt":"2016-04-10T17:33:51","guid":{"rendered":"http:\/\/localhost:8888\/sites\/mawazine\/?p=1726"},"modified":"2018-05-22T17:38:36","modified_gmt":"2018-05-22T15:38:36","slug":"sale-vibrera-aux-sons-des-voix-les-plus-emblematiques","status":"publish","type":"post","link":"https:\/\/mawazine.ma\/fr\/sale-vibrera-aux-sons-des-voix-les-plus-emblematiques\/","title":{"rendered":"Sal\u00e9 vibrera aux sons des voix les plus embl\u00e9matiques de la sc\u00e8ne musicale marocaine"},"content":{"rendered":"<p><\/p>\n<h4>Mohamed Reda, Sa\u00efda Fikri, Rhany et bien d\u2019autres promettent au public de belles surprises<\/h4>\n<p>Rabat, le 10 avril 2016 &#8211; Cette ann\u00e9e encore, Mawazine a bien l\u2019intention d\u2019\u00e9poustoufler ses festivaliers avec une programmation haute en couleur. Rendez-vous est donc pris sur la sc\u00e8ne de Sal\u00e9 pour une s\u00e9rie de concerts bien de chez nous !<\/p>\n<p>Si le Festival Mawazine-Rythmes du monde fait la part belle aux grandes stars internationales, il n\u2019en oublie pas pour autant d\u2019inscrire dans son programme des artistes nationaux d\u2019envergure. Ainsi, Mohamed Reda fera danser les foules le vendredi 20 mai prochain, sur la sc\u00e8ne de Sal\u00e9. V\u00e9ritable prodige en mati\u00e8re de musique, berc\u00e9 depuis son plus jeune \u00e2ge par les voix Mohamed<br \/>\n Abdelouahab, Oum Kalthoum ou Abdelhalim Hafez, il est aujourd\u2019hui l\u2019un des auteurs, compositeurs et interpr\u00e8tes marocains les plus en vogue du monde arabe. Form\u00e9 au Conservatoire de Marrakech, il participe \u00e0 de nombreux festivals au Maroc et au Moyen-Orient, raflant par-l\u00e0 m\u00eame de nombreuses distinctions. Mon histoire, son album sorti en 2006, conna\u00eet un succ\u00e8s plan\u00e9taire et est distribu\u00e9 dans pr\u00e8s de 30 pays. Un opus qui lui donne acc\u00e8s aux salles les plus prestigieuses du monde, \u00e0 l\u2019instar de l\u2019Olympia de Paris. Son dernier titre, Fatoura, a \u00e9t\u00e9 visionn\u00e9 plus de 2,5 millions de fois.<\/p>\n<p>Le m\u00eame soir, c\u2019est le premier Marocain \u00e0 avoir atteint la finale de SuperStar \u2013 le programme musical le plus populaire du monde arabe \u2013 qui lui embo\u00eetera le pas sur sc\u00e8ne. Il s\u2019agit bien s\u00fbr de Hatim Idar, dont le premier single, Zay Zaman, \u00e9crit par Ahmad Darwich, compos\u00e9 par Haitham Zayad et arrang\u00e9 par Toni Saba fait l\u2019effet d\u2019une bombe d\u00e8s sa sortie en 2007.<\/p>\n<p>S\u2019ensuivra l\u2019album Best of Ya Wlidi, en 2011, dans lequel il revisite et apporte sa touche personnelle aux plus grands standards de la musique marocaine. Laur\u00e9at du Conservatoire national de Casablanca, ce natif du quartier Bernoussi a toujours r\u00eav\u00e9 de marcher sur les traces de ces artistes qu\u2019il consid\u00e8re comme des l\u00e9gendes, \u00e0 l\u2019instar d\u2019Oum Kalthoum ou Mohamed Abdelouahab. Nombreuses sont les cordes \u00e0 son arc, puisqu\u2019il m\u00e8ne \u00e9galement de front une carri\u00e8re prometteuse de com\u00e9dien.<\/p>\n<p>Rhany aussi est un artiste pluridisciplinaire. V\u00e9ritable crooner, ce natif de Marrakech produit une musique caract\u00e9ris\u00e9e par des rythmes endiabl\u00e9s inspir\u00e9s des sonorit\u00e9s latino-am\u00e9ricaines. Il r\u00e9alise d\u2019ailleurs son second album, Alamtini, \u00e0 Cuba, en 1999, qu\u2019il enregistre dans les studios mythiques d\u2019Egrem \u00e0 La Havane. Sacr\u00e9 meilleur artiste nord-africain en 2001, il se produit de festival en festival, de salle en salle, tout en nourrissant le projet un peu fou d\u2019\u00e9crire un spectacle autobiographique \u00e0 mi-chemin entre le concert et le stand-up. Un spectacle couronn\u00e9 de succ\u00e8s qui voit le jour en 2015 sous le nom de Rhany Bl\u2019vitamine. Pour ce grand fan d\u2019Elvis Presley, chanter, c\u2019est \u00ab rapprocher les peuples, adoucir les m\u0153urs et faire conna\u00eetre sa culture \u00bb. On le retrouvera sur les planches de Sal\u00e9 le samedi 21 mai prochain, au m\u00eame titre que Sa\u00efda Fikri.<\/p>\n<p><\/p>","protected":false},"excerpt":{"rendered":"<p>Mohamed Reda, Sa\u00efda Fikri, Rhany et bien d\u2019autres promettent au public de belles surprises Rabat, le 10 avril 2016 &#8211; Cette ann\u00e9e encore, Mawazine a bien l\u2019intention d\u2019\u00e9poustoufler ses festivaliers avec une programmation haute en couleur. Rendez-vous est donc pris sur la sc\u00e8ne de Sal\u00e9 pour une s\u00e9rie de concerts bien de chez nous ! [&hellip;]<\/p>\n","protected":false},"author":1,"featured_media":1934,"comment_status":"open","ping_status":"open","sticky":false,"template":"","format":"standard","meta":{"_acf_changed":false,"footnotes":""},"categories":[1],"tags":[],"class_list":["post-1726","post","type-post","status-publish","format-standard","has-post-thumbnail","hentry","category-actualites"],"acf":[],"_links":{"self":[{"href":"https:\/\/mawazine.ma\/fr\/wp-json\/wp\/v2\/posts\/1726","targetHints":{"allow":["GET"]}}],"collection":[{"href":"https:\/\/mawazine.ma\/fr\/wp-json\/wp\/v2\/posts"}],"about":[{"href":"https:\/\/mawazine.ma\/fr\/wp-json\/wp\/v2\/types\/post"}],"author":[{"embeddable":true,"href":"https:\/\/mawazine.ma\/fr\/wp-json\/wp\/v2\/users\/1"}],"replies":[{"embeddable":true,"href":"https:\/\/mawazine.ma\/fr\/wp-json\/wp\/v2\/comments?post=1726"}],"version-history":[{"count":4,"href":"https:\/\/mawazine.ma\/fr\/wp-json\/wp\/v2\/posts\/1726\/revisions"}],"predecessor-version":[{"id":7232,"href":"https:\/\/mawazine.ma\/fr\/wp-json\/wp\/v2\/posts\/1726\/revisions\/7232"}],"wp:featuredmedia":[{"embeddable":true,"href":"https:\/\/mawazine.ma\/fr\/wp-json\/wp\/v2\/media\/1934"}],"wp:attachment":[{"href":"https:\/\/mawazine.ma\/fr\/wp-json\/wp\/v2\/media?parent=1726"}],"wp:term":[{"taxonomy":"category","embeddable":true,"href":"https:\/\/mawazine.ma\/fr\/wp-json\/wp\/v2\/categories?post=1726"},{"taxonomy":"post_tag","embeddable":true,"href":"https:\/\/mawazine.ma\/fr\/wp-json\/wp\/v2\/tags?post=1726"}],"curies":[{"name":"wp","href":"https:\/\/api.w.org\/{rel}","templated":true}]}}