{"id":10213,"date":"2019-05-10T11:00:32","date_gmt":"2019-05-10T09:00:32","guid":{"rendered":"http:\/\/localhost:8888\/sites\/mawazine\/?p=10213"},"modified":"2019-05-10T15:59:19","modified_gmt":"2019-05-10T13:59:19","slug":"de-benares-a-jerez-le-chellah-celebre-les-musiques-et-les-danses-des-grands-musiciens-du-peuple-rom","status":"publish","type":"post","link":"https:\/\/mawazine.ma\/fr\/de-benares-a-jerez-le-chellah-celebre-les-musiques-et-les-danses-des-grands-musiciens-du-peuple-rom\/","title":{"rendered":"De B\u00e9nar\u00e8s \u00e0 Jerez, le Chellah c\u00e9l\u00e8bre les musiques et les danses des grands musiciens du peuple rom"},"content":{"rendered":"<p><\/p>\n<p><b>Rabat, le 10 Mai 2019 <\/b>: Sous le Haut Patronage de Sa Majest\u00e9 le Roi Mohammed VI, la 18e \u00e9dition du Festival Mawazine-Rythmes du Monde met cette ann\u00e9e \u00e0 l\u2019honneur une programmation exceptionnelle au Chellah, la sc\u00e8ne des musiques du monde.<\/p>\n<p>Sur le th\u00e8me \u00ab De B\u00e9nar\u00e8s \u00e0 Jerez \u00bb, le site inscrit au patrimoine mondial de l\u2019Unesco invitera les festivaliers \u00e0 une s\u00e9rie de concerts qui rendront hommage aux grandes traditions musicales du peuple rom : originaires des confins de l\u2019Inde et de l\u2019Afghanistan, ses musiciens ont migr\u00e9 vers l\u2019Iran, la Turquie et plus \u00e0 l\u2019est encore, \u00e0 travers les Balkans et jusqu\u2019en Andalousie, donnant naissance aux r\u00e9pertoires kathak, flamenco, tzigane et klezmer, entre autres.<\/p>\n<p>Avec cette nouvelle aventure sonore, le Chellah conviera les amateurs et m\u00e9lomanes \u00e0 un v\u00e9ritable voyage sonore dont les rythmes, les danses, les couleurs et les accents seront port\u00e9s par des interpr\u00e8tes du monde entier !<\/p>\n<p>D\u00e8s le samedi 22 juin, la musique classique hindoustani sera c\u00e9l\u00e9br\u00e9e par Kawa Generation, une formation unique en son genre, compos\u00e9e d\u2019une famille de grands musiciens, les Khan, venus du Rajasthan, le berceau des gitans du monde entier.<\/p>\n<p>Le lendemain, dimanche 23 juin, c\u2019est de musiques klezmer et balkanique dont il sera question avec She\u2019Koyokh. Ce groupe form\u00e9 de musiciens originaires de Turquie fusionne \u00e0 la perfection les r\u00e9pertoires gitan, s\u00e9farade, reb\u00e9tiko et ceux d\u2019autres groupes ethniques de diff\u00e9rentes r\u00e9gions.<\/p>\n<p>Lundi 24 juin, le public voyagera en Europe de l\u2019Est avec Marcela y los Murchales. A sa t\u00eate, Marcela Cisarova, une chanteuse et danseuse de Slovaquie, qui ma\u00eetrise \u00e0 merveille l\u2019art de la musique tzigane slovaque.<\/p>\n<p>La programmation du Chellah fera ensuite un d\u00e9tour vers l\u2019Espagne avec, mardi 25 juin, la prestation attendue d\u2019Alba Molina. Fille du c\u00e9l\u00e8bre duo espagnol Lole Montoya et Manuel Molina (plus connus sous le nom de Lole y Manuel), Alba Molina baigne naturellement dans la musique, faisant son \u00e9ducation musicale au rythme du flamenco mais aussi de diff\u00e9rentes influences musicales. Avec Rycardo Moreno, un des meilleurs compositeurs et guitaristes flamenco-jazz actuels d&rsquo;Espagne, Alba efface les fronti\u00e8res entre le flamenco et le jazz en convoquant le hip hop, le rock, les bol\u00e9ros et la musique br\u00e9silienne.<\/p>\n<p>Mercredi 26 juin, l\u2019Inde sera de retour avec la Compagnie Sharmila Sharma, n\u00e9e \u00e0 Jaipur et figure de la musique, du chant et de la danse kathak. Depuis l\u2019\u00e2ge de quatorze ans, l\u2019artiste se produit dans de nombreux festivals internationaux, accompagn\u00e9e de musiciens reconnus dont le joueur de tabla Edouard Prabhu et le fl\u00fbtiste Henri Tournier.<\/p>\n<p>Le p\u00e9riple musical reprendra de plus belle, jeudi 27 juin, avec un passage en Iran en compagnie de Shahrokh Moshkin Ghalam. Ce danseur, acteur et metteur en sc\u00e8ne r\u00e9alise une chor\u00e9graphie inspir\u00e9e de la musique classique persane qui r\u00e9unit les mythes et la po\u00e9sie pour cr\u00e9er une atmosph\u00e8re magique.<\/p>\n<p>Un nouveau d\u00e9tour par l\u2019Europe de l\u2019Est, vendredi 28 juin, sera pour les festivaliers l\u2019occasion de d\u00e9couvrir Dan Gharibian Trio, un groupe qui m\u00eale \u00e0 la perfection le free jazz \u00e0 la musique klezmer, \u00e0 la musette et aux rythmes de la M\u00e9diterran\u00e9e.<\/p>\n<p>La cl\u00f4ture de cette programmation de tr\u00e8s haut niveau sera quant \u00e0 elle r\u00e9serv\u00e9e \u00e0 l\u2019immense Luis de la Carrasca. Cet autodidacte de Grenade, consid\u00e9r\u00e9 comme l\u2019une des r\u00e9f\u00e9rences du flamenco, se produira samedi 29 juin pour un concert qui s\u2019annonce d\u2019ores et d\u00e9j\u00e0 m\u00e9morable !<\/p>\n<p><\/p>","protected":false},"excerpt":{"rendered":"<p>Rabat, le 10 Mai 2019 : Sous le Haut Patronage de Sa Majest\u00e9 le Roi Mohammed VI, la 18e \u00e9dition du Festival Mawazine-Rythmes du Monde met cette ann\u00e9e \u00e0 l\u2019honneur une programmation exceptionnelle au Chellah, la sc\u00e8ne des musiques du monde. Sur le th\u00e8me \u00ab De B\u00e9nar\u00e8s \u00e0 Jerez \u00bb, le site inscrit au patrimoine [&hellip;]<\/p>\n","protected":false},"author":1,"featured_media":10215,"comment_status":"open","ping_status":"open","sticky":false,"template":"","format":"standard","meta":{"_acf_changed":false,"footnotes":""},"categories":[1],"tags":[],"class_list":["post-10213","post","type-post","status-publish","format-standard","has-post-thumbnail","hentry","category-actualites"],"acf":[],"_links":{"self":[{"href":"https:\/\/mawazine.ma\/fr\/wp-json\/wp\/v2\/posts\/10213","targetHints":{"allow":["GET"]}}],"collection":[{"href":"https:\/\/mawazine.ma\/fr\/wp-json\/wp\/v2\/posts"}],"about":[{"href":"https:\/\/mawazine.ma\/fr\/wp-json\/wp\/v2\/types\/post"}],"author":[{"embeddable":true,"href":"https:\/\/mawazine.ma\/fr\/wp-json\/wp\/v2\/users\/1"}],"replies":[{"embeddable":true,"href":"https:\/\/mawazine.ma\/fr\/wp-json\/wp\/v2\/comments?post=10213"}],"version-history":[{"count":5,"href":"https:\/\/mawazine.ma\/fr\/wp-json\/wp\/v2\/posts\/10213\/revisions"}],"predecessor-version":[{"id":10247,"href":"https:\/\/mawazine.ma\/fr\/wp-json\/wp\/v2\/posts\/10213\/revisions\/10247"}],"wp:featuredmedia":[{"embeddable":true,"href":"https:\/\/mawazine.ma\/fr\/wp-json\/wp\/v2\/media\/10215"}],"wp:attachment":[{"href":"https:\/\/mawazine.ma\/fr\/wp-json\/wp\/v2\/media?parent=10213"}],"wp:term":[{"taxonomy":"category","embeddable":true,"href":"https:\/\/mawazine.ma\/fr\/wp-json\/wp\/v2\/categories?post=10213"},{"taxonomy":"post_tag","embeddable":true,"href":"https:\/\/mawazine.ma\/fr\/wp-json\/wp\/v2\/tags?post=10213"}],"curies":[{"name":"wp","href":"https:\/\/api.w.org\/{rel}","templated":true}]}}