{"id":1748,"date":"2016-04-04T15:31:33","date_gmt":"2016-04-04T13:31:33","guid":{"rendered":"http:\/\/localhost:8888\/sites\/mawazine\/?p=1748"},"modified":"2018-05-22T17:27:11","modified_gmt":"2018-05-22T15:27:11","slug":"melhem-barakat-marque-son-grand-retour-sur-la-scene-nahda","status":"publish","type":"post","link":"https:\/\/mawazine.ma\/en\/melhem-barakat-marque-son-grand-retour-sur-la-scene-nahda\/","title":{"rendered":"Melhem Barakat marque son grand retour sur la sc\u00e8ne Nahda"},"content":{"rendered":"<p class=\"qtranxs-available-languages-message qtranxs-available-languages-message-en\">Sorry, this entry is only available in <a href=\"https:\/\/mawazine.ma\/fr\/wp-json\/wp\/v2\/posts\/1748\" class=\"qtranxs-available-language-link qtranxs-available-language-link-fr\" title=\"Fran\u00e7ais\">Fran\u00e7ais<\/a> and <a href=\"https:\/\/mawazine.ma\/ar\/wp-json\/wp\/v2\/posts\/1748\" class=\"qtranxs-available-language-link qtranxs-available-language-link-ar\" title=\"\u0627\u0644\u0639\u0631\u0628\u064a\u0629\">\u0627\u0644\u0639\u0631\u0628\u064a\u0629<\/a>. For the sake of viewer convenience, the content is shown below in this site default language. You may click one of the links to switch the site language to another available language.<\/p><p><\/p>\n<h4>La l\u00e9gende du pays du C\u00e8dre chantera ses plus fameux titres<\/h4>\n<p>Rabat \u2013 le 04 avril 2016 \u2013 Apr\u00e8s une repr\u00e9sentation m\u00e9morable durant l\u2019\u00e9dition 2009 de Mawazine, Melhem Barakat, chanteur et compositeur libanais, revient se produire sur la sc\u00e8ne Nahda pour la 15\u00e8me \u00e9dition du festival Mawazine Rythmes du Monde. Le rendez-vous est donc pris pour le samedi 21 mai.<\/p>\n<p>Consid\u00e9r\u00e9 comme l\u2019une des voix les plus puissantes du Liban, ce natif de Kfarshima, dans les ann\u00e9es 40, a depuis toujours \u00e9t\u00e9 berc\u00e9 par les m\u00e9lodies envo\u00fbtantes de Mohammed Abd El Wahab, entre autres. D\u00e8s son plus jeune \u00e2ge, il fait montre d\u2019un talent hors du commun pour la musique qui devient une v\u00e9ritable passion, pour ne pas dire sa raison de vivre.<\/p>\n<p>C\u2019est dans les ann\u00e9es 60 que le \u201cBarakat style\u201d voit le jour. Un style empreint d\u2019originalit\u00e9 et d\u2019audace symbolis\u00e9 par une fa\u00e7on in\u00e9dite et unique de chanter et de composer, qu\u2019il affine au fur et \u00e0 mesure qu\u2019il se produit sur sc\u00e8ne, notamment au sein de la prestigieuse troupe des fr\u00e8res Rahbani dans beaucoup de leurs com\u00e9dies musicales. Une touche personnelle que l\u2019on retrouve dans ses plus grands hits des ann\u00e9es 80, \u00e0 l\u2019instar de Kboush El Touti ou encore Wahdi Ana. Une singularit\u00e9 qui lui vaut d\u2019\u00eatre aujourd\u2019hui l\u2019un des chanteurs les plus estim\u00e9s et les plus adul\u00e9s au Liban ; mais pas seulement. Australie, Am\u00e9rique du Sud, Canada, \u00c9tatsUnis, Syrie, Jordanie, Liban\u2026 tous ont succomb\u00e9 au charme et \u00e0 la puissance de la voix de Melhem Barakat, qui met un point d\u2019honneur \u00e0 chanter tr\u00e8s majoritairement en dialecte libanais.<\/p>\n<p>Artiste aux multiples facettes, puisqu\u2019il est aussi reconnu en tant que com\u00e9dien, il est l\u2019auteur d\u2019Amarine, Abouha Radi, Farah Ensass et de l\u2019incontournable Habibi Enta. Tout au long de son exceptionnelle carri\u00e8re, il a collabor\u00e9 avec de grands noms de la musique arabe \u00e0 l\u2019instar de Najwa Karam, Karol Sakr, Shatha Hassoun et Majida El Roumi. Une liste qui risque fort, encore et encore, de s\u2019allonger\u2026<\/p>\n<p><\/p>","protected":false},"excerpt":{"rendered":"<p>Sorry, this entry is only available in Fran\u00e7ais and \u0627\u0644\u0639\u0631\u0628\u064a\u0629. For the sake of viewer convenience, the content is shown below in this site default language. You may click one of the links to switch the site language to another available language. La l\u00e9gende du pays du C\u00e8dre chantera ses plus fameux titres Rabat \u2013 [&hellip;]<\/p>\n","protected":false},"author":1,"featured_media":1938,"comment_status":"open","ping_status":"open","sticky":false,"template":"","format":"standard","meta":{"_acf_changed":false,"footnotes":""},"categories":[1],"tags":[],"class_list":["post-1748","post","type-post","status-publish","format-standard","has-post-thumbnail","hentry","category-actualites"],"acf":[],"_links":{"self":[{"href":"https:\/\/mawazine.ma\/en\/wp-json\/wp\/v2\/posts\/1748","targetHints":{"allow":["GET"]}}],"collection":[{"href":"https:\/\/mawazine.ma\/en\/wp-json\/wp\/v2\/posts"}],"about":[{"href":"https:\/\/mawazine.ma\/en\/wp-json\/wp\/v2\/types\/post"}],"author":[{"embeddable":true,"href":"https:\/\/mawazine.ma\/en\/wp-json\/wp\/v2\/users\/1"}],"replies":[{"embeddable":true,"href":"https:\/\/mawazine.ma\/en\/wp-json\/wp\/v2\/comments?post=1748"}],"version-history":[{"count":3,"href":"https:\/\/mawazine.ma\/en\/wp-json\/wp\/v2\/posts\/1748\/revisions"}],"predecessor-version":[{"id":7226,"href":"https:\/\/mawazine.ma\/en\/wp-json\/wp\/v2\/posts\/1748\/revisions\/7226"}],"wp:featuredmedia":[{"embeddable":true,"href":"https:\/\/mawazine.ma\/en\/wp-json\/wp\/v2\/media\/1938"}],"wp:attachment":[{"href":"https:\/\/mawazine.ma\/en\/wp-json\/wp\/v2\/media?parent=1748"}],"wp:term":[{"taxonomy":"category","embeddable":true,"href":"https:\/\/mawazine.ma\/en\/wp-json\/wp\/v2\/categories?post=1748"},{"taxonomy":"post_tag","embeddable":true,"href":"https:\/\/mawazine.ma\/en\/wp-json\/wp\/v2\/tags?post=1748"}],"curies":[{"name":"wp","href":"https:\/\/api.w.org\/{rel}","templated":true}]}}