{"id":1772,"date":"2016-03-08T15:55:04","date_gmt":"2016-03-08T14:55:04","guid":{"rendered":"http:\/\/localhost:8888\/sites\/mawazine\/?p=1772"},"modified":"2018-05-22T18:15:21","modified_gmt":"2018-05-22T16:15:21","slug":"les-voix-les-plus-prestigieuses-du-moyen-orient-a-mawazine","status":"publish","type":"post","link":"https:\/\/mawazine.ma\/ar\/les-voix-les-plus-prestigieuses-du-moyen-orient-a-mawazine\/","title":{"rendered":"LES VOIX LES PLUS PRESTIGIEUSES DU MOYEN-ORIENT \u00c0 MAWAZINE"},"content":{"rendered":"<p class=\"qtranxs-available-languages-message qtranxs-available-languages-message-ar\">\u0639\u0641\u0648\u0627\u060c \u0647\u0630\u0647 \u0627\u0644\u0645\u062f\u062e\u0644\u0629 \u0645\u0648\u062c\u0648\u062f\u0629 \u0641\u0642\u0637 \u0641\u064a <a href=\"https:\/\/mawazine.ma\/fr\/wp-json\/wp\/v2\/posts\/1772\" class=\"qtranxs-available-language-link qtranxs-available-language-link-fr\" title=\"Fran\u00e7ais\">Fran\u00e7ais<\/a>. For the sake of viewer convenience, the content is shown below in the alternative language. You may click the link to switch the active language.<\/p><p><\/p>\n<h4 class=\"media-heading\">LA SC\u00c8NE NAHDA EN \u00c9MOI<\/h4>\n<h4>LES VOIX LES PLUS PRESTIGIEUSES DU MOYEN-ORIENT \u00c0 MAWAZINE<\/h4>\n<p>L\u2019Association Maroc Cultures est heureuse et fi\u00e8re d\u2019annoncer le retour de trois divas incontournables du paysage musical du monde arabe : les talentueuses et envo\u00fbtantes Diana Haddad et Myriam Fares ainsi que la chanteuse libanaise et coqueluche du Golfe, Yara.<\/p>\n<p><\/p>","protected":false},"excerpt":{"rendered":"<p>\u0639\u0641\u0648\u0627\u060c \u0647\u0630\u0647 \u0627\u0644\u0645\u062f\u062e\u0644\u0629 \u0645\u0648\u062c\u0648\u062f\u0629 \u0641\u0642\u0637 \u0641\u064a Fran\u00e7ais. For the sake of viewer convenience, the content is shown below in the alternative language. You may click the link to switch the active language. LA SC\u00c8NE NAHDA EN \u00c9MOI LES VOIX LES PLUS PRESTIGIEUSES DU MOYEN-ORIENT \u00c0 MAWAZINE L\u2019Association Maroc Cultures est heureuse et fi\u00e8re d\u2019annoncer le [&hellip;]<\/p>\n","protected":false},"author":1,"featured_media":7245,"comment_status":"open","ping_status":"open","sticky":false,"template":"","format":"standard","meta":{"_acf_changed":false,"footnotes":""},"categories":[1],"tags":[],"class_list":["post-1772","post","type-post","status-publish","format-standard","has-post-thumbnail","hentry","category-actualites"],"acf":[],"_links":{"self":[{"href":"https:\/\/mawazine.ma\/ar\/wp-json\/wp\/v2\/posts\/1772","targetHints":{"allow":["GET"]}}],"collection":[{"href":"https:\/\/mawazine.ma\/ar\/wp-json\/wp\/v2\/posts"}],"about":[{"href":"https:\/\/mawazine.ma\/ar\/wp-json\/wp\/v2\/types\/post"}],"author":[{"embeddable":true,"href":"https:\/\/mawazine.ma\/ar\/wp-json\/wp\/v2\/users\/1"}],"replies":[{"embeddable":true,"href":"https:\/\/mawazine.ma\/ar\/wp-json\/wp\/v2\/comments?post=1772"}],"version-history":[{"count":2,"href":"https:\/\/mawazine.ma\/ar\/wp-json\/wp\/v2\/posts\/1772\/revisions"}],"predecessor-version":[{"id":7246,"href":"https:\/\/mawazine.ma\/ar\/wp-json\/wp\/v2\/posts\/1772\/revisions\/7246"}],"wp:featuredmedia":[{"embeddable":true,"href":"https:\/\/mawazine.ma\/ar\/wp-json\/wp\/v2\/media\/7245"}],"wp:attachment":[{"href":"https:\/\/mawazine.ma\/ar\/wp-json\/wp\/v2\/media?parent=1772"}],"wp:term":[{"taxonomy":"category","embeddable":true,"href":"https:\/\/mawazine.ma\/ar\/wp-json\/wp\/v2\/categories?post=1772"},{"taxonomy":"post_tag","embeddable":true,"href":"https:\/\/mawazine.ma\/ar\/wp-json\/wp\/v2\/tags?post=1772"}],"curies":[{"name":"wp","href":"https:\/\/api.w.org\/{rel}","templated":true}]}}